{"id":16205,"date":"2020-05-14T13:03:45","date_gmt":"2020-05-14T16:03:45","guid":{"rendered":"http:\/\/blogs.correiobraziliense.com.br\/servidor\/?p=16205"},"modified":"2020-05-14T13:03:45","modified_gmt":"2020-05-14T16:03:45","slug":"cvm-regulamenta-assembleias-digitais-de-titulares-de-valores-mobiliarios","status":"publish","type":"post","link":"https:\/\/blogs.correiobraziliense.com.br\/servidor\/cvm-regulamenta-assembleias-digitais-de-titulares-de-valores-mobiliarios\/","title":{"rendered":"CVM regulamenta assembleias digitais de titulares de valores mobili\u00e1rios"},"content":{"rendered":"<p><em><strong>Medida permite maior flexibilidade das assembleias em meio \u00e0 pandemia da Covid-19. Entre as mudan\u00e7as est\u00e3o\u00a0aperfei\u00e7oamentos nas normas para permitir que sejam consideradas as deb\u00eantures de emissores n\u00e3o registrados na CVM<\/strong><\/em><\/p>\n<p>A Comiss\u00e3o de Valores Mobili\u00e1rios (CVM) edita hoje (14), a Instru\u00e7\u00e3o CVM 625, que regulamenta as\u00a0 assembleias digitais por parte de titulares de deb\u00eantures, notas promiss\u00f3rias e certificados de receb\u00edveis imobili\u00e1rios ou do agroneg\u00f3cio.<\/p>\n<p>&#8220;Na esteira da Medida Provis\u00f3ria 931 e da recente altera\u00e7\u00e3o \u00e0 Instru\u00e7\u00e3o 481, por meio das Instru\u00e7\u00f5es 622 e 623, a norma complementa o conjunto as iniciativas voltadas \u00e0 realiza\u00e7\u00e3o de assembleias inteiramente digitais, as quais s\u00e3o parte das medidas adotadas em resposta \u00e0 pandemia da Covid-19&#8221;, informa a entidade.<\/p>\n<p>Diante desse contexto emergencial ligado a quest\u00f5es de sa\u00fade p\u00fablica, a audi\u00eancia p\u00fablica que antecedeu a norma teve dura\u00e7\u00e3o menor do que a usual e limitou-se aos aspectos centrais \u00e0 participa\u00e7\u00e3o e vota\u00e7\u00e3o a dist\u00e2ncia. Com isso, a instru\u00e7\u00e3o p\u00f4de ser editada rapidamente, aplicando-se a um conjunto maior de assembleias, podendo ser adotada inclusive com rela\u00e7\u00e3o \u00e0s j\u00e1 convocadas.<\/p>\n<p>\u201cA regra editada \u00e9 mais um fruto do esfor\u00e7o que a CVM e os participantes do mercado v\u00eam conjuntamente empreendendo para viabilizar a realiza\u00e7\u00e3o de atos essenciais ao funcionamento do mercado de capitais dentro das circunst\u00e2ncias que a pandemia da Covid-19 imp\u00f5e a toda a sociedade\u201d, comentou Marcelo Barbosa, Presidente da CVM.<\/p>\n<p><strong>Principais mudan\u00e7as<\/strong><\/p>\n<p>\u00b7 Amplia\u00e7\u00e3o do escopo para abranger valores mobili\u00e1rios emitidos por companhias n\u00e3o registradas na CVM que tenham sido objeto de ofertas p\u00fablicas com esfor\u00e7os restritos nos termos da Instru\u00e7\u00e3o 476.<\/p>\n<p>\u00b7 Men\u00e7\u00e3o expressa \u00e0 aplicabilidade da norma a assembleias de titulares de certificados de receb\u00edveis imobili\u00e1rios ou do agroneg\u00f3cio e notas promiss\u00f3rias.<\/p>\n<p>\u00b7 Esclarecimento de que as responsabilidades atribu\u00eddas \u00e0 companhia emissora ou ao agente fiduci\u00e1rio est\u00e3o relacionadas a qual desses agentes tenha convocado a assembleia.<\/p>\n<p>\u00b7 Previs\u00e3o de que as atas de assembleias devem indicar quantidades de votos proferidos a favor e contra e de absten\u00e7\u00f5es com rela\u00e7\u00e3o a cada proposta constante da ordem do dia, explicitando a divis\u00e3o por s\u00e9rie, quando aplic\u00e1vel.<\/p>\n<p>\u00b7 Inclus\u00e3o de dispositivo sobre o tratamento a ser dado \u00e0s instru\u00e7\u00f5es de voto a dist\u00e2ncia nos casos de adiamento justificado ou suspens\u00e3o de assembleias.<\/p>\n<p>\u201cAs contribui\u00e7\u00f5es recebidas na audi\u00eancia p\u00fablica trouxeram diversos aperfei\u00e7oamentos \u00e0 norma, que ampliaram e tamb\u00e9m tornaram mais clara sua abrang\u00eancia. Destaca-se, neste sentido, as deb\u00eantures de emissores n\u00e3o registrados na CVM ofertadas ao amparo da Instru\u00e7\u00e3o 476 e a men\u00e7\u00e3o expressa \u00e0s assembleias de titulares de outros valores mobili\u00e1rios representativos de d\u00edvida ofertados publicamente ou admitidos \u00e0 negocia\u00e7\u00e3o em mercado\u201d, completou Fl\u00e1via Perlingeiro, Diretora da CVM.<\/p>\n<p><strong>Aten\u00e7\u00e3o<\/strong><\/p>\n<p>&#8220;A norma entra em vigor na data da publica\u00e7\u00e3o, em fun\u00e7\u00e3o da urg\u00eancia de se estabelecer o regime regulat\u00f3rio a tempo de viabilizar a realiza\u00e7\u00e3o das assembleias exclusivamente digitais de debenturistas&#8221;, enfatiza a CVM.<\/p>\n<p>Mais informa\u00e7\u00f5es<\/p>\n<p>Acesse o\u00a0\u00a0<strong><a href=\"http:\/\/www.cvm.gov.br\/audiencias_publicas\/ap_sdm\/2020\/sdm0420.html\">relat\u00f3rio da Audi\u00eancia P\u00fablica SDM 04\/20<\/a><\/strong>\u00a0e a\u00a0<strong><a href=\"http:\/\/www.cvm.gov.br\/legislacao\/instrucoes\/inst625.html\">Instru\u00e7\u00e3o CVM 625<\/a><\/strong>.<\/p>\n<p style=\"font-weight: 400\">\n","protected":false},"excerpt":{"rendered":"<p>Medida permite maior flexibilidade das assembleias em meio \u00e0 pandemia da Covid-19. Entre as mudan\u00e7as est\u00e3o\u00a0aperfei\u00e7oamentos nas normas para permitir que sejam consideradas as deb\u00eantures de emissores n\u00e3o registrados na CVM A Comiss\u00e3o de Valores Mobili\u00e1rios (CVM) edita hoje (14), a Instru\u00e7\u00e3o CVM 625, que regulamenta as\u00a0 assembleias digitais por parte de titulares de deb\u00eantures, notas promiss\u00f3rias e certificados de [&hellip;]<\/p>\n","protected":false},"author":89,"featured_media":0,"comment_status":"open","ping_status":"closed","sticky":false,"template":"","format":"standard","meta":{"footnotes":""},"categories":[2719],"tags":[5249,4239,3808,17537,4463,16896,17256,215,5748,6696,4344,17538,17255,17539,2554,2301,4242,1808],"class_list":["post-16205","post","type-post","status-publish","format-standard","hentry","category-servidor","tag-agronegocio","tag-aperfeicoamentos","tag-assembleias","tag-assembleias-digitais","tag-certificados","tag-coronavirus","tag-covid-19","tag-cvm","tag-debentures","tag-digitais","tag-mobiliarios","tag-notas-promissorias","tag-pandemia","tag-recebiveis","tag-registrados","tag-regulamenta","tag-titulares","tag-valores"],"_links":{"self":[{"href":"https:\/\/blogs.correiobraziliense.com.br\/servidor\/wp-json\/wp\/v2\/posts\/16205","targetHints":{"allow":["GET"]}}],"collection":[{"href":"https:\/\/blogs.correiobraziliense.com.br\/servidor\/wp-json\/wp\/v2\/posts"}],"about":[{"href":"https:\/\/blogs.correiobraziliense.com.br\/servidor\/wp-json\/wp\/v2\/types\/post"}],"author":[{"embeddable":true,"href":"https:\/\/blogs.correiobraziliense.com.br\/servidor\/wp-json\/wp\/v2\/users\/89"}],"replies":[{"embeddable":true,"href":"https:\/\/blogs.correiobraziliense.com.br\/servidor\/wp-json\/wp\/v2\/comments?post=16205"}],"version-history":[{"count":0,"href":"https:\/\/blogs.correiobraziliense.com.br\/servidor\/wp-json\/wp\/v2\/posts\/16205\/revisions"}],"wp:attachment":[{"href":"https:\/\/blogs.correiobraziliense.com.br\/servidor\/wp-json\/wp\/v2\/media?parent=16205"}],"wp:term":[{"taxonomy":"category","embeddable":true,"href":"https:\/\/blogs.correiobraziliense.com.br\/servidor\/wp-json\/wp\/v2\/categories?post=16205"},{"taxonomy":"post_tag","embeddable":true,"href":"https:\/\/blogs.correiobraziliense.com.br\/servidor\/wp-json\/wp\/v2\/tags?post=16205"}],"curies":[{"name":"wp","href":"https:\/\/api.w.org\/{rel}","templated":true}]}}