{"id":16188,"date":"2020-05-13T14:18:45","date_gmt":"2020-05-13T17:18:45","guid":{"rendered":"http:\/\/blogs.correiobraziliense.com.br\/servidor\/?p=16188"},"modified":"2020-05-13T14:18:45","modified_gmt":"2020-05-13T17:18:45","slug":"sinpol-alerta-pcdf-sobre-crescimento-de-casos-de-coronavirus-na-carceragem","status":"publish","type":"post","link":"https:\/\/blogs.correiobraziliense.com.br\/servidor\/sinpol-alerta-pcdf-sobre-crescimento-de-casos-de-coronavirus-na-carceragem\/","title":{"rendered":"Sinpol alerta PCDF sobre crescimento de casos de coronav\u00edrus na carceragem"},"content":{"rendered":"<p><em><strong>Na \u00faltima semana, de acordo com o sindicato, tr\u00eas policiais civis e dois presos testaram positivo para a covid-19 na Divis\u00e3o de Controle e Cust\u00f3dia de Presos (DCCP) da Pol\u00edcia Civil do DF (PCDF), conhecida como \u201ccarceragem da PCDF\u201d. No local trabalham cerca de 140 policiais civis em sistema de plant\u00e3o e de expediente<\/strong><\/em><\/p>\n<p>A unidade recebe todos os presos do Distrito Federal, antes de eles serem encaminhados ao Sistema Penitenci\u00e1rio, no Complexo da Papuda.<\/p>\n<p>O Sindicato dos Policiais Civis do DF (Sinpol-DF) se reuniu com o diretor-geral da PCDF, Robson Candido, na \u00faltima segunda (11), e com o secret\u00e1rio de Seguran\u00e7a P\u00fablica, Anderson Torres, na \u00faltima ter\u00e7a (12), para tratar sobre o tema, entre outros assuntos.<\/p>\n<p>Nas reuni\u00f5es, os diretores do sindicato solicitaram maior aten\u00e7\u00e3o nos cuidados com a higiene e maior distribui\u00e7\u00e3o de Equipamentos de Prote\u00e7\u00e3o Individual, os EPIs, destaca o Sinpol.<\/p>\n<p>Na ocasi\u00e3o, tamb\u00e9m foi solicitado que fosse estendida aos policiais civis do DF a hospedagem em rede hoteleira conveniada, dentro do acordo firmado recentemente pelo GDF. &#8220;Os policiais civis est\u00e3o preocupados em n\u00e3o contaminar suas fam\u00edlias, uma vez que precisam sair todos os dias de casa para trabalhar, enquanto seus familiares ficam em quarentena&#8221;, enfatiza.<\/p>\n<p>A diretoria do Sinpol-DF entregou tamb\u00e9m na \u00faltima ter\u00e7a mais um kit com duas m\u00e1scaras em tecido aos policiais civis filiados lotados na DCCP. J\u00e1 haviam sido entregues duas m\u00e1scaras de tecido, a cada servidor, h\u00e1 cerca de 15 dias.<\/p>\n<p>O sindicato tamb\u00e9m entregou 10 litros de \u00e1lcool em gel para contribuir com a higieniza\u00e7\u00e3o e cobrou da Dire\u00e7\u00e3o-Geral da institui\u00e7\u00e3o uma maior distribui\u00e7\u00e3o de Equipamentos de Prote\u00e7\u00e3o Individual (EPIs), como m\u00e1scaras luvas e macac\u00f5es.<\/p>\n<p>Os dirigentes da entidade tamb\u00e9m reivindicaram que os servi\u00e7os de limpeza e higieniza\u00e7\u00e3o da unidade ocorram com mais regularidade, e o aumento do quadro de funcion\u00e1rios designados para esse servi\u00e7o em raz\u00e3o do grande fluxo de pessoas naquele local.<\/p>\n<p>&#8220;A PCDF modificou o contrato de servi\u00e7os terceirizados de limpeza, alocando funcion\u00e1rios em raz\u00e3o da metragem da unidade policial. No entanto, por sua caracter\u00edstica espec\u00edfica, a DCCP possui uma maior densidade de ocupa\u00e7\u00e3o demogr\u00e1fica em raz\u00e3o dos presos&#8221;, explica o Sinpol.<\/p>\n<p>A unidade recebe diariamente cerca de 50 presos por dia, chegando a ficar com mais de 200 presos confinados durante a semana, antes de serem removidos ao complexo da Papuda.<\/p>\n","protected":false},"excerpt":{"rendered":"<p>Na \u00faltima semana, de acordo com o sindicato, tr\u00eas policiais civis e dois presos testaram positivo para a covid-19 na Divis\u00e3o de Controle e Cust\u00f3dia de Presos (DCCP) da Pol\u00edcia Civil do DF (PCDF), conhecida como \u201ccarceragem da PCDF\u201d. No local trabalham cerca de 140 policiais civis em sistema de plant\u00e3o e de expediente A unidade recebe todos os presos [&hellip;]<\/p>\n","protected":false},"author":89,"featured_media":0,"comment_status":"open","ping_status":"closed","sticky":false,"template":"","format":"standard","meta":{"footnotes":""},"categories":[2719],"tags":[138,17527,2145,17528,16896,17256,1722,5259,3185,6050,1717,1499,110,3937,3130],"class_list":["post-16188","post","type-post","status-publish","format-standard","hentry","category-servidor","tag-alerta","tag-carceragem","tag-casos","tag-complexo-da-papuda","tag-coronavirus","tag-covid-19","tag-dccp","tag-epi","tag-expediente","tag-higiene","tag-pcdf","tag-plantao","tag-policiais","tag-presos","tag-sinpol"],"_links":{"self":[{"href":"https:\/\/blogs.correiobraziliense.com.br\/servidor\/wp-json\/wp\/v2\/posts\/16188","targetHints":{"allow":["GET"]}}],"collection":[{"href":"https:\/\/blogs.correiobraziliense.com.br\/servidor\/wp-json\/wp\/v2\/posts"}],"about":[{"href":"https:\/\/blogs.correiobraziliense.com.br\/servidor\/wp-json\/wp\/v2\/types\/post"}],"author":[{"embeddable":true,"href":"https:\/\/blogs.correiobraziliense.com.br\/servidor\/wp-json\/wp\/v2\/users\/89"}],"replies":[{"embeddable":true,"href":"https:\/\/blogs.correiobraziliense.com.br\/servidor\/wp-json\/wp\/v2\/comments?post=16188"}],"version-history":[{"count":0,"href":"https:\/\/blogs.correiobraziliense.com.br\/servidor\/wp-json\/wp\/v2\/posts\/16188\/revisions"}],"wp:attachment":[{"href":"https:\/\/blogs.correiobraziliense.com.br\/servidor\/wp-json\/wp\/v2\/media?parent=16188"}],"wp:term":[{"taxonomy":"category","embeddable":true,"href":"https:\/\/blogs.correiobraziliense.com.br\/servidor\/wp-json\/wp\/v2\/categories?post=16188"},{"taxonomy":"post_tag","embeddable":true,"href":"https:\/\/blogs.correiobraziliense.com.br\/servidor\/wp-json\/wp\/v2\/tags?post=16188"}],"curies":[{"name":"wp","href":"https:\/\/api.w.org\/{rel}","templated":true}]}}