{"id":16179,"date":"2020-05-12T14:25:37","date_gmt":"2020-05-12T17:25:37","guid":{"rendered":"http:\/\/blogs.correiobraziliense.com.br\/servidor\/?p=16179"},"modified":"2020-05-12T14:25:37","modified_gmt":"2020-05-12T17:25:37","slug":"tcu-libera-painel-para-consulta-a-processos-relacionados-a-covid-19","status":"publish","type":"post","link":"https:\/\/blogs.correiobraziliense.com.br\/servidor\/tcu-libera-painel-para-consulta-a-processos-relacionados-a-covid-19\/","title":{"rendered":"TCU libera painel para consulta a processos relacionados \u00e0 Covid-19"},"content":{"rendered":"<p><em><strong>O Tribunal de Contas da Uni\u00e3o (TCU) criou um painel on-line que re\u00fane, em um s\u00f3 ambiente, todas as informa\u00e7\u00f5es das auditorias relacionadas \u00e0 covid-19. S\u00e3o 39 processos, 28 deles de acompanhamento, 10 representa\u00e7\u00f5es e uma consulta<\/strong><\/em><\/p>\n<p>A plataforma organiza as informa\u00e7\u00f5es em gr\u00e1ficos e tabelas que permitem aos gestores, imprensa e sociedade consultar o andamento dos processos. As buscas podem ser feitas por tema, pelo nome do ministro relator, pela unidade t\u00e9cnica ou jurisdicionada (\u00f3rg\u00e3os e entidades). O painel foi planejado para ampliar a transpar\u00eancia da atua\u00e7\u00e3o do TCU durante a pandemia e integra as a\u00e7\u00f5es do Coopera &#8211; Programa especial de atua\u00e7\u00e3o no enfrentamento \u00e0 crise da covid-19, lan\u00e7ado em abril, pelo TCU.<\/p>\n<p>O painel tamb\u00e9m informa sobre publica\u00e7\u00f5es como o \u201cLevantamento jurisprudencial &#8211; destina\u00e7\u00e3o e utiliza\u00e7\u00e3o de recursos p\u00fablicos em situa\u00e7\u00f5es emergenciais\u201d. Uma colet\u00e2nea das decis\u00f5es do TCU que podem balizar a atua\u00e7\u00e3o dos gestores das diversas esferas de governo (federal, estadual e municipal) no enfrentamento da emerg\u00eancia decorrente da pandemia do novo coronav\u00edrus.<\/p>\n<p>Confira o portal do coopera:\u00a0https:\/\/portal.tcu.gov.br\/coopera\/painel\/<\/p>\n","protected":false},"excerpt":{"rendered":"<p>O Tribunal de Contas da Uni\u00e3o (TCU) criou um painel on-line que re\u00fane, em um s\u00f3 ambiente, todas as informa\u00e7\u00f5es das auditorias relacionadas \u00e0 covid-19. S\u00e3o 39 processos, 28 deles de acompanhamento, 10 representa\u00e7\u00f5es e uma consulta A plataforma organiza as informa\u00e7\u00f5es em gr\u00e1ficos e tabelas que permitem aos gestores, imprensa e sociedade consultar o andamento dos processos. As buscas [&hellip;]<\/p>\n","protected":false},"author":89,"featured_media":0,"comment_status":"open","ping_status":"closed","sticky":false,"template":"","format":"standard","meta":{"footnotes":""},"categories":[2719],"tags":[4329,17524,1422,17256,4384,17525,1181,561,4658,275,17255,562,2453,351,1431,635,168],"class_list":["post-16179","post","type-post","status-publish","format-standard","hentry","category-servidor","tag-acompanhamento","tag-auditorias","tag-consulta","tag-covid-19","tag-gestores","tag-graficos","tag-imprensa","tag-informacoes","tag-online","tag-painel","tag-pandemia","tag-processos","tag-representacoes","tag-sociedade","tag-tabelas","tag-tcu","tag-transparencia"],"_links":{"self":[{"href":"https:\/\/blogs.correiobraziliense.com.br\/servidor\/wp-json\/wp\/v2\/posts\/16179","targetHints":{"allow":["GET"]}}],"collection":[{"href":"https:\/\/blogs.correiobraziliense.com.br\/servidor\/wp-json\/wp\/v2\/posts"}],"about":[{"href":"https:\/\/blogs.correiobraziliense.com.br\/servidor\/wp-json\/wp\/v2\/types\/post"}],"author":[{"embeddable":true,"href":"https:\/\/blogs.correiobraziliense.com.br\/servidor\/wp-json\/wp\/v2\/users\/89"}],"replies":[{"embeddable":true,"href":"https:\/\/blogs.correiobraziliense.com.br\/servidor\/wp-json\/wp\/v2\/comments?post=16179"}],"version-history":[{"count":0,"href":"https:\/\/blogs.correiobraziliense.com.br\/servidor\/wp-json\/wp\/v2\/posts\/16179\/revisions"}],"wp:attachment":[{"href":"https:\/\/blogs.correiobraziliense.com.br\/servidor\/wp-json\/wp\/v2\/media?parent=16179"}],"wp:term":[{"taxonomy":"category","embeddable":true,"href":"https:\/\/blogs.correiobraziliense.com.br\/servidor\/wp-json\/wp\/v2\/categories?post=16179"},{"taxonomy":"post_tag","embeddable":true,"href":"https:\/\/blogs.correiobraziliense.com.br\/servidor\/wp-json\/wp\/v2\/tags?post=16179"}],"curies":[{"name":"wp","href":"https:\/\/api.w.org\/{rel}","templated":true}]}}