{"id":16174,"date":"2020-05-12T13:55:48","date_gmt":"2020-05-12T16:55:48","guid":{"rendered":"http:\/\/blogs.correiobraziliense.com.br\/servidor\/?p=16172"},"modified":"2020-05-12T13:55:48","modified_gmt":"2020-05-12T16:55:48","slug":"auxilio-emergencial-dataprev-entregara-a-caixa-resultados-homologados-ate-quarta-feira-13","status":"publish","type":"post","link":"https:\/\/blogs.correiobraziliense.com.br\/servidor\/auxilio-emergencial-dataprev-entregara-a-caixa-resultados-homologados-ate-quarta-feira-13\/","title":{"rendered":"Aux\u00edlio emergencial &#8211; Dataprev entregar\u00e1 \u00e0 Caixa resultados homologados at\u00e9 quarta-feira (13)"},"content":{"rendered":"<p><em><strong>Em resposta \u00e0 solicita\u00e7\u00e3o de informa\u00e7\u00f5es sobre as homologa\u00e7\u00f5es de pedidos do aux\u00edlio-emergencial de R$ 600 aos necessitados que precisam de recursos para sobreviver diante da pandemia pelo coronav\u00edrus, a Dataprev informa que vai concluir a transmiss\u00e3o dos resultados das avalia\u00e7\u00f5es at\u00e9 amanh\u00e3, dia 13 de maio<\/strong><\/em><\/p>\n<p><img loading=\"lazy\" decoding=\"async\" class=\"alignright size-full wp-image-16177\" src=\"https:\/\/blogs.correiobraziliense.com.br\/servidor\/wp-content\/uploads\/sites\/10\/2020\/05\/corrente-elos-jpeg-1.jpg\" alt=\"\" width=\"350\" height=\"250\" srcset=\"https:\/\/blogs.correiobraziliense.com.br\/servidor\/wp-content\/uploads\/sites\/10\/2020\/05\/corrente-elos-jpeg-1.jpg 350w, https:\/\/blogs.correiobraziliense.com.br\/servidor\/wp-content\/uploads\/sites\/10\/2020\/05\/corrente-elos-jpeg-1-300x214.jpg 300w, https:\/\/blogs.correiobraziliense.com.br\/servidor\/wp-content\/uploads\/sites\/10\/2020\/05\/corrente-elos-jpeg-1-230x164.jpg 230w\" sizes=\"auto, (max-width: 350px) 100vw, 350px\" \/><\/p>\n<p>Talvez esse 13 de Maio seja a Aboli\u00e7\u00e3o dos informais, desempregados e microempreendedores que se aglomeram em filas na porta da Caixa Econ\u00f4mica Federal.\u00a0Quatorze dias ap\u00f3s a data marcada para o governo come\u00e7ar a pagar a segunda parcela do aux\u00edlio emergencial de R$ 600, sequer foi anunciado o calend\u00e1rio para o in\u00edcio da compensa\u00e7\u00e3o aos brasileiros mais prejudicados pela crise econ\u00f4mica, causada pela pandemia do coronav\u00edrus.<\/p>\n<p>O atendimento n\u00e3o tem chegado \u00e0 popula\u00e7\u00e3o. A taxa de rejei\u00e7\u00e3o \u00e9 muito alta, pelos n\u00fameros divulgados pela Caixa Econ\u00f4mica Federal. No Cadastro \u00danico, dos 32,1 milh\u00f5es inscritos, 10,5 milh\u00f5es foram aceitos (os outros est\u00e3o \u201cineleg\u00edveis\u201d). Pelos aplicativo e site, dos 44,9 milh\u00f5es de pedidos processados, 20,3 milh\u00f5es conseguiram.<\/p>\n<p><strong>Aboli\u00e7\u00e3o<\/strong><\/p>\n<p style=\"font-weight: 400\">O quadro, no entanto, tende a mudar, de acordo com a Dataprev. Por meio de nota, a empresa informa que, no momento, 14,7 milh\u00f5es de cadastros, realizados entre 23 a 30 de abril, est\u00e3o na fase final de homologa\u00e7\u00e3o pelos especialistas da Dataprev e do Minist\u00e9rio da Cidadania. &#8220;O n\u00famero integra os 16,4 milh\u00f5es de pedidos do m\u00eas de abril que est\u00e3o em an\u00e1lise pela empresa. A previs\u00e3o \u00e9 transmitir os resultados dessas avalia\u00e7\u00f5es homologadas at\u00e9 a quarta-feira (13) desta semana \u00e0 Caixa&#8221;.<\/p>\n<p style=\"font-weight: 400\">A institui\u00e7\u00e3o destaca, ainda, que, &#8220;deste total (16,4 milh\u00f5es), as solicita\u00e7\u00f5es incluem novos cadastros; complementa\u00e7\u00e3o cadastral dos CPFs j\u00e1 classificados \u2013 inicialmente \u2013 como inconclusivos; e o processamento adicional (1,4 milh\u00e3o)&#8221;.<\/p>\n<p style=\"font-weight: 400\">A Dataprev lembrou, ainda que, no domingo (10), foram enviados 689.078 requerimentos ao banco dos pedidos finalizados entre 18 e 22 de abril. Os \u00faltimos 300.576 dessa remessa ser\u00e3o transmitidos nesta ter\u00e7a-feira (12). Nesse per\u00edodo, ao todo, foram recebidos 6,69 milh\u00f5es de solicita\u00e7\u00f5es e a Dataprev devolveu \u00e0 Caixa 6,37 milh\u00f5es. Ou seja 95% de conclus\u00e3o do trabalho do ciclo.<\/p>\n","protected":false},"excerpt":{"rendered":"<p>Em resposta \u00e0 solicita\u00e7\u00e3o de informa\u00e7\u00f5es sobre as homologa\u00e7\u00f5es de pedidos do aux\u00edlio-emergencial de R$ 600 aos necessitados que precisam de recursos para sobreviver diante da pandemia pelo coronav\u00edrus, a Dataprev informa que vai concluir a transmiss\u00e3o dos resultados das avalia\u00e7\u00f5es at\u00e9 amanh\u00e3, dia 13 de maio Talvez esse 13 de Maio seja a Aboli\u00e7\u00e3o dos informais, desempregados e microempreendedores [&hellip;]<\/p>\n","protected":false},"author":89,"featured_media":0,"comment_status":"open","ping_status":"closed","sticky":false,"template":"","format":"standard","meta":{"footnotes":""},"categories":[2719],"tags":[15242,1224,17262,17521,701,16896,8105,17522,16790,17523,17255,316,1121],"class_list":["post-16174","post","type-post","status-publish","format-standard","hentry","category-servidor","tag-abolicao","tag-analise","tag-auxilio-emergencial","tag-cadastros","tag-caixa-economica-federal","tag-coronavirus","tag-dataprev","tag-homologados","tag-ministerio-da-cidadania","tag-necessitados","tag-pandemia","tag-recursos","tag-resultados"],"_links":{"self":[{"href":"https:\/\/blogs.correiobraziliense.com.br\/servidor\/wp-json\/wp\/v2\/posts\/16174","targetHints":{"allow":["GET"]}}],"collection":[{"href":"https:\/\/blogs.correiobraziliense.com.br\/servidor\/wp-json\/wp\/v2\/posts"}],"about":[{"href":"https:\/\/blogs.correiobraziliense.com.br\/servidor\/wp-json\/wp\/v2\/types\/post"}],"author":[{"embeddable":true,"href":"https:\/\/blogs.correiobraziliense.com.br\/servidor\/wp-json\/wp\/v2\/users\/89"}],"replies":[{"embeddable":true,"href":"https:\/\/blogs.correiobraziliense.com.br\/servidor\/wp-json\/wp\/v2\/comments?post=16174"}],"version-history":[{"count":0,"href":"https:\/\/blogs.correiobraziliense.com.br\/servidor\/wp-json\/wp\/v2\/posts\/16174\/revisions"}],"wp:attachment":[{"href":"https:\/\/blogs.correiobraziliense.com.br\/servidor\/wp-json\/wp\/v2\/media?parent=16174"}],"wp:term":[{"taxonomy":"category","embeddable":true,"href":"https:\/\/blogs.correiobraziliense.com.br\/servidor\/wp-json\/wp\/v2\/categories?post=16174"},{"taxonomy":"post_tag","embeddable":true,"href":"https:\/\/blogs.correiobraziliense.com.br\/servidor\/wp-json\/wp\/v2\/tags?post=16174"}],"curies":[{"name":"wp","href":"https:\/\/api.w.org\/{rel}","templated":true}]}}