{"id":16160,"date":"2020-05-11T22:32:13","date_gmt":"2020-05-12T01:32:13","guid":{"rendered":"http:\/\/blogs.correiobraziliense.com.br\/servidor\/?p=16160"},"modified":"2020-05-11T22:32:13","modified_gmt":"2020-05-12T01:32:13","slug":"unajud-mp-desmente-governo-e-diz-que-nao-vai-desencadear-campanha-para-reajuste-salarial","status":"publish","type":"post","link":"https:\/\/blogs.correiobraziliense.com.br\/servidor\/unajud-mp-desmente-governo-e-diz-que-nao-vai-desencadear-campanha-para-reajuste-salarial\/","title":{"rendered":"Unajud-MP desmente governo e diz que n\u00e3o vai &#8220;desencadear campanha para reajuste salarial&#8221;"},"content":{"rendered":"<p><em><strong>A Uni\u00e3o das Associa\u00e7\u00f5es dos Servidores do Judici\u00e1rio e do Minist\u00e9rio P\u00fablico (Unajud-MP), em nota de esclarecimento \u00e0 sociedade brasileira, destaca que apesar das constantes &#8220;investidas do governo para denegrir&#8221; a imagem do funcionalismo, ao contr\u00e1rio do que afirmam a equipe econ\u00f4mica, o Legislativo e a imprensa, as carreiras do Judici\u00e1rio e do MP est\u00e3o comprometidas com com o combate \u00e0 crise sanit\u00e1ria\u00a0<\/strong><\/em><\/p>\n<p>&#8220;Esse esclarecimento se faz mais que necess\u00e1rio para desvincular da categoria\u00a0ora representada qualquer ila\u00e7\u00e3o quanto \u00e0 solicita\u00e7\u00e3o de reajuste salarial, como vem\u00a0sendo constantemente divulgado por autoridades da \u00e1rea econ\u00f4mica e veiculado por parte\u00a0da imprensa&#8221;, diz a nota.<\/p>\n<p>Veja a nota:<\/p>\n<p><a href=\"https:\/\/static.congressoemfoco.uol.com.br\/2020\/05\/nota_esclarecimento_unajudmp-3.pdf\">https:\/\/static.congressoemfoco.uol.com.br\/2020\/05\/nota_esclarecimento_unajudmp-3.pdf<\/a><\/p>\n<p>&#8220;A Uni\u00e3o das Associa\u00e7\u00f5es dos Servidores do Judici\u00e1rio e do Minist\u00e9rio P\u00fablico\u00a0(Unajud-MP), entidade que re\u00fane os presidentes das associa\u00e7\u00f5es dos servidores no\u00a0Distrito Federal: Anajustra, Asconj, ASDR TRT-10, Asmip, ASMPF, Assejufe,\u00a0ASSTJ, AstreDF, Astrife e Astrisutra, vem a p\u00fablico manifestar sua<br \/>\nsolidariedade ao povo brasileiro nesse grave e delicado momento vivenciado pelo pa\u00eds\u00a0em decorr\u00eancia da pandemia do coronavirus, com s\u00e9rias implica\u00e7\u00f5es na vida de todos\u00a0n\u00f3s e com fortes consequ\u00eancias na economia do Brasil.<\/p>\n<p>A despeito das investidas do governo federal para atacar e denegrir nossa\u00a0imagem perante a opini\u00e3o p\u00fablica, a Unajud-MP esclarece que n\u00e3o h\u00e1 qualquer\u00a0pretens\u00e3o de desencadear campanha para reajuste salarial dos servidores do Judici\u00e1rio\u00a0e do Minist\u00e9rio P\u00fablico Federal como quer fazer crer o governo e parte do Parlamento,\u00a0n\u00e3o porque n\u00e3o tenhamos direito, mas porque consideramos absolutamente inoportuno\u00a0diante do enorme desafio coletivo hoje suportado.<\/p>\n<p>Esse esclarecimento se faz mais que necess\u00e1rio para desvincular da categoria\u00a0ora representada qualquer ila\u00e7\u00e3o quanto \u00e0 solicita\u00e7\u00e3o de reajuste salarial, como vem\u00a0sendo constantemente divulgado por autoridades da \u00e1rea econ\u00f4mica e veiculado por parte\u00a0da imprensa.<\/p>\n<p>Os servidores do Poder Judici\u00e1rio e do Minist\u00e9rio P\u00fablico no Distrito Federal\u00a0n\u00e3o se eximem a dar sua colabora\u00e7\u00e3o nesse per\u00edodo atribulado e a sacrificar-se em prol\u00a0da coletividade, ao contr\u00e1rio, estamos irmanados com a sociedade brasileira para juntos\u00a0atravessarmos esta crise sanit\u00e1ria e econ\u00f4mica e para levantarmos a Na\u00e7\u00e3o com nosso\u00a0trabalho e esfor\u00e7os conjuntos, colocando-nos sempre a postos na execu\u00e7\u00e3o de nossas\u00a0atividades profissionais e tamb\u00e9m no papel social de pais, m\u00e3es, irm\u00e3os, colegas, amigos\u00a0e cidad\u00e3os brasileiros.<\/p>\n<p>At\u00e9 que ven\u00e7amos essas adversidades, estamos comprometidos com a\u00a0presta\u00e7\u00e3o dos servi\u00e7os p\u00fablicos, de forma remota ou presencial, garantindo o andamento\u00a0normal da presta\u00e7\u00e3o jurisdicional e dos preparativos eleitorais, e o acesso \u00e0 Justi\u00e7a para todos os cidad\u00e3os que buscam o socorro do Judici\u00e1rio e do MPF, mantendo a m\u00e1quina\u00a0do Estado em funcionamento.<\/p>\n<p>Declaramos nossa solidariedade aos valentes servidores p\u00fablicos que prestam\u00a0servi\u00e7os essenciais aos cidad\u00e3os neste momento de caos sanit\u00e1rio e social e cerramos\u00a0fileiras ao lado dos profissionais da sa\u00fade, seguran\u00e7a p\u00fablica, servi\u00e7o social, educa\u00e7\u00e3o,\u00a0limpeza p\u00fablica, agentes penitenci\u00e1rios e funer\u00e1rios, para que lhes seja garantida a justa\u00a0compensa\u00e7\u00e3o de n\u00e3o figurar entre as categorias inclu\u00eddas no congelamento de sal\u00e1rios\u00a0proposto pelo Governo Federal e autorizado pelo Congresso Nacional.<\/p>\n<p>Estamos certos de que juntos venceremos esta luta e retomaremos o controle\u00a0de nossas vidas com um novo olhar, mais amadurecido e consciente, para o futuro deste pa\u00eds!<\/p>\n<p>Toda for\u00e7a ser\u00e1 fraca, se n\u00e3o estiver unida (La Fontaine). Somos todos brasileiros!<br \/>\nBras\u00edlia, 9 de maio de 2020<br \/>\nOsiel Ribeiro da Silva<br \/>\nPresidente&#8221;<\/p>\n","protected":false},"excerpt":{"rendered":"<p>A Uni\u00e3o das Associa\u00e7\u00f5es dos Servidores do Judici\u00e1rio e do Minist\u00e9rio P\u00fablico (Unajud-MP), em nota de esclarecimento \u00e0 sociedade brasileira, destaca que apesar das constantes &#8220;investidas do governo para denegrir&#8221; a imagem do funcionalismo, ao contr\u00e1rio do que afirmam a equipe econ\u00f4mica, o Legislativo e a imprensa, as carreiras do Judici\u00e1rio e do MP est\u00e3o comprometidas com com o combate [&hellip;]<\/p>\n","protected":false},"author":89,"featured_media":0,"comment_status":"open","ping_status":"closed","sticky":false,"template":"","format":"standard","meta":{"footnotes":""},"categories":[2719],"tags":[305,55,379,204,6575,16896,17256,9994,1164,98,64,10,417,4120,63,18,30,351,17518],"class_list":["post-16160","post","type-post","status-publish","format-standard","hentry","category-servidor","tag-campanha","tag-carreiras","tag-categoria","tag-combate","tag-congelamento","tag-coronavirus","tag-covid-19","tag-equipe-economica","tag-funcionalismo","tag-governo","tag-judiciario","tag-legislativo","tag-ministerio-publico","tag-parlamento","tag-reajuste","tag-salarial","tag-salarios","tag-sociedade","tag-unajud-mp"],"_links":{"self":[{"href":"https:\/\/blogs.correiobraziliense.com.br\/servidor\/wp-json\/wp\/v2\/posts\/16160","targetHints":{"allow":["GET"]}}],"collection":[{"href":"https:\/\/blogs.correiobraziliense.com.br\/servidor\/wp-json\/wp\/v2\/posts"}],"about":[{"href":"https:\/\/blogs.correiobraziliense.com.br\/servidor\/wp-json\/wp\/v2\/types\/post"}],"author":[{"embeddable":true,"href":"https:\/\/blogs.correiobraziliense.com.br\/servidor\/wp-json\/wp\/v2\/users\/89"}],"replies":[{"embeddable":true,"href":"https:\/\/blogs.correiobraziliense.com.br\/servidor\/wp-json\/wp\/v2\/comments?post=16160"}],"version-history":[{"count":0,"href":"https:\/\/blogs.correiobraziliense.com.br\/servidor\/wp-json\/wp\/v2\/posts\/16160\/revisions"}],"wp:attachment":[{"href":"https:\/\/blogs.correiobraziliense.com.br\/servidor\/wp-json\/wp\/v2\/media?parent=16160"}],"wp:term":[{"taxonomy":"category","embeddable":true,"href":"https:\/\/blogs.correiobraziliense.com.br\/servidor\/wp-json\/wp\/v2\/categories?post=16160"},{"taxonomy":"post_tag","embeddable":true,"href":"https:\/\/blogs.correiobraziliense.com.br\/servidor\/wp-json\/wp\/v2\/tags?post=16160"}],"curies":[{"name":"wp","href":"https:\/\/api.w.org\/{rel}","templated":true}]}}