{"id":16144,"date":"2020-05-08T20:51:59","date_gmt":"2020-05-08T23:51:59","guid":{"rendered":"https:\/\/blogs.correiobraziliense.com.br\/servidor\/?p=16144"},"modified":"2020-05-08T20:51:59","modified_gmt":"2020-05-08T23:51:59","slug":"cnasi-faz-pesquisa-para-mapear-condicoes-de-trabalho-no-incra","status":"publish","type":"post","link":"https:\/\/blogs.correiobraziliense.com.br\/servidor\/cnasi-faz-pesquisa-para-mapear-condicoes-de-trabalho-no-incra\/","title":{"rendered":"Cnasi faz pesquisa para mapear condi\u00e7\u00f5es de trabalho no Incra"},"content":{"rendered":"<p><em><strong>Cnasi Associa\u00e7\u00e3o Nacional est\u00e1 fazendo uma pesquisa para mapear as reais condi\u00e7\u00f5es de trabalho no Incra por todo o pa\u00eds, neste momento de medidas de isolamento social e pandemia provocadas pelas contamina\u00e7\u00f5es do novo coronav\u00edrus<\/strong><\/em><\/p>\n<p>A ideia da pesquisa eletr\u00f4nica (respondida por meio de celular ou computador), segundo a associa\u00e7\u00e3o, \u00e9 coletar as avalia\u00e7\u00f5es dos trabalhadores\/as &#8211; servidor\/a ativo ou aposentado, terceirizado ou estagi\u00e1rio -, no \u00f3rg\u00e3o, na Sede nacional, superintend\u00eancias regionais e unidades avan\u00e7adas, quanto \u00e0s condi\u00e7\u00f5es de trabalho, a seguran\u00e7a sanit\u00e1ria na unidade \/ setor onde presta servi\u00e7o, equipamento de prote\u00e7\u00e3o, uso de transporte, informa\u00e7\u00f5es sobre o coronav\u00edrus e modalidades de comunica\u00e7\u00e3o da nasi-AN.<\/p>\n<p>Para participar da pesquisa os trabalhadores devem acessar o material no endere\u00e7o https:\/\/docs.google.com\/forms\/d\/e\/1FAIpQLSfXvCkZlHqYpXNlYFymmqZbaSXNXefbu1Pj573gr2VU2u0Nlw\/viewform<\/p>\n<p>Os dados da pesquisa ser\u00e3o computados e divulgados em breve.<\/p>\n<p><strong>Atendimento presencial<\/strong><\/p>\n<p>A Cnasi-AN tem feito solicita\u00e7\u00f5es \u00e0 eire\u00e7\u00e3o do Incra para proteger o quadro de trabalhadores\/as do \u00f3rg\u00e3o, principalmente com o fechamento do atendimento presencial da autarquia, em respeito \u00e0s orienta\u00e7\u00f5es do Minist\u00e9rio da Sa\u00fade e Organiza\u00e7\u00e3o Mundial da Sa\u00fade (OMS).<\/p>\n","protected":false},"excerpt":{"rendered":"<p>Cnasi Associa\u00e7\u00e3o Nacional est\u00e1 fazendo uma pesquisa para mapear as reais condi\u00e7\u00f5es de trabalho no Incra por todo o pa\u00eds, neste momento de medidas de isolamento social e pandemia provocadas pelas contamina\u00e7\u00f5es do novo coronav\u00edrus A ideia da pesquisa eletr\u00f4nica (respondida por meio de celular ou computador), segundo a associa\u00e7\u00e3o, \u00e9 coletar as avalia\u00e7\u00f5es dos trabalhadores\/as &#8211; servidor\/a ativo ou [&hellip;]<\/p>\n","protected":false},"author":27,"featured_media":0,"comment_status":"open","ping_status":"closed","sticky":false,"template":"","format":"standard","meta":{"footnotes":""},"categories":[2719],"tags":[17507,865,2868,1383,16896,17256,6289,901,2863,187,7570,208,58,1090,261],"class_list":["post-16144","post","type-post","status-publish","format-standard","hentry","category-servidor","tag-aposentador","tag-ativos","tag-cnasi","tag-condicoes","tag-coronavirus","tag-covid-19","tag-eletronica","tag-estagiarios","tag-incra","tag-pesquisa","tag-sanitaria","tag-seguranca","tag-servidores","tag-terceirizados","tag-trabalho"],"_links":{"self":[{"href":"https:\/\/blogs.correiobraziliense.com.br\/servidor\/wp-json\/wp\/v2\/posts\/16144","targetHints":{"allow":["GET"]}}],"collection":[{"href":"https:\/\/blogs.correiobraziliense.com.br\/servidor\/wp-json\/wp\/v2\/posts"}],"about":[{"href":"https:\/\/blogs.correiobraziliense.com.br\/servidor\/wp-json\/wp\/v2\/types\/post"}],"author":[{"embeddable":true,"href":"https:\/\/blogs.correiobraziliense.com.br\/servidor\/wp-json\/wp\/v2\/users\/27"}],"replies":[{"embeddable":true,"href":"https:\/\/blogs.correiobraziliense.com.br\/servidor\/wp-json\/wp\/v2\/comments?post=16144"}],"version-history":[{"count":1,"href":"https:\/\/blogs.correiobraziliense.com.br\/servidor\/wp-json\/wp\/v2\/posts\/16144\/revisions"}],"predecessor-version":[{"id":16145,"href":"https:\/\/blogs.correiobraziliense.com.br\/servidor\/wp-json\/wp\/v2\/posts\/16144\/revisions\/16145"}],"wp:attachment":[{"href":"https:\/\/blogs.correiobraziliense.com.br\/servidor\/wp-json\/wp\/v2\/media?parent=16144"}],"wp:term":[{"taxonomy":"category","embeddable":true,"href":"https:\/\/blogs.correiobraziliense.com.br\/servidor\/wp-json\/wp\/v2\/categories?post=16144"},{"taxonomy":"post_tag","embeddable":true,"href":"https:\/\/blogs.correiobraziliense.com.br\/servidor\/wp-json\/wp\/v2\/tags?post=16144"}],"curies":[{"name":"wp","href":"https:\/\/api.w.org\/{rel}","templated":true}]}}