{"id":16138,"date":"2020-05-08T17:08:42","date_gmt":"2020-05-08T20:08:42","guid":{"rendered":"https:\/\/blogs.correiobraziliense.com.br\/servidor\/?p=16138"},"modified":"2020-05-08T17:08:42","modified_gmt":"2020-05-08T20:08:42","slug":"pgr-augusto-aras-entra-com-acao-no-stf-para-barrar-bonus-covid-a-procuradores-do-mt","status":"publish","type":"post","link":"https:\/\/blogs.correiobraziliense.com.br\/servidor\/pgr-augusto-aras-entra-com-acao-no-stf-para-barrar-bonus-covid-a-procuradores-do-mt\/","title":{"rendered":"PGR Augusto Aras entra com a\u00e7\u00e3o no STF para barrar &#8216;b\u00f4nus covid&#8217; a procuradores do MT"},"content":{"rendered":"<p><em><strong>A cria\u00e7\u00e3o de uma ajuda de custo, apelidada de \u201cb\u00f4nus covid\u201d, para procuradores, promotores e servidores do Minist\u00e9rio P\u00fablico de Mato Grosso (MP-MT), dever\u00e1 ser anulada. Hoje, a iniciativa do procurador-geral de Justi\u00e7a do Estado, Jos\u00e9 Ant\u00f4nio Borges Pereira, ganhou mais um oponente de peso, Augusto Aras<\/strong><\/em><\/p>\n<p>O procurador-geral da Rep\u00fablica, Augusto Aras, entrou com uma a\u00e7\u00e3o no Supremo Tribunal Federal (STF) para barrar o benef\u00edcio, entre R$ 500 a R$ 1 mil, apenas para os mato-grossenses da Procuradoria. \u00a0O pretexto de Pereira era reduzir os gastos na contribui\u00e7\u00e3o aos planos de sa\u00fade. A benesse j\u00e1 tinha entrado na mira do Conselho Nacional do Minist\u00e9rio P\u00fablico (CNMP).<\/p>\n<p>No entender de Aras, o &#8220;b\u00f4nus covid&#8221; agrava a crise fiscal e afeta negativamente as &#8220;receitas estaduais em uma conjuntura de queda de arrecada\u00e7\u00e3o tribut\u00e1ria, em decorr\u00eancia dos impactos econ\u00f4micos do surto de epidemia nacional do novo coronav\u00edrus\u201d. O impacto da medida aos cofres p\u00fablicos pode chegar a R$ 680 mil por m\u00eas. Na decis\u00e3o de Pereira, os que embolsarem o dinheiro s\u00e3o obrigados a apresentar a cada 12 meses a comprova\u00e7\u00e3o dos gastos, por meio de boletos banc\u00e1rios ou de notas fiscais dos planos ou seguros de sa\u00fade.<\/p>\n<p>No entanto, para Aras, o benef\u00edcio, al\u00e9m de criar desigualdades entre o MP-MT e os demais \u00f3rg\u00e3os do Minist\u00e9rio P\u00fablico brasileiro \u2013 que n\u00e3o ter\u00e3o o mesmo direito -, benef\u00edcios dessa natureza s\u00f3 devem ser pagos para compensar &#8220;despesas efetuadas no exerc\u00edcio do cargo, de que s\u00e3o exemplo cl\u00e1ssico as di\u00e1rias e o transporte para cobrir os custos de deslocamento no interesse do servi\u00e7o&#8221;. &#8220;Pagamento de plano de sa\u00fade, no entanto, \u00e9 despesa ordin\u00e1ria com sa\u00fade, n\u00e3o relacionada com o efetivo exerc\u00edcio do cargo p\u00fablico. N\u00e3o pode ser indenizado, portanto, ao servidor ou a agente p\u00fablico que receba pelo regime constitucional do subs\u00eddio&#8221;, refor\u00e7ou Aras.<\/p>\n<p><strong>Outro lado<\/strong><\/p>\n<p>Em nota, o MP de Mato Grosso alega que os recursos j\u00e1 estavam previstos no or\u00e7amento deste ano. &#8220;Ou seja, n\u00e3o se trata de um disp\u00eandio financeiro sem lastro or\u00e7ament\u00e1rio que venha a exigir o aporte de suplementa\u00e7\u00f5es ou remanejamento or\u00e7ament\u00e1rio, e estava planejado antes mesmo da pandemia&#8221;.\u00a0Segundo o MP-MT, como o Congresso discute o congelamento de sal\u00e1rios de servidores p\u00fablicos das esferas federal, estadual e municipal, a &#8220;ajuda de custo teve que ser regulamentada agora&#8221;.<\/p>\n","protected":false},"excerpt":{"rendered":"<p>A cria\u00e7\u00e3o de uma ajuda de custo, apelidada de \u201cb\u00f4nus covid\u201d, para procuradores, promotores e servidores do Minist\u00e9rio P\u00fablico de Mato Grosso (MP-MT), dever\u00e1 ser anulada. Hoje, a iniciativa do procurador-geral de Justi\u00e7a do Estado, Jos\u00e9 Ant\u00f4nio Borges Pereira, ganhou mais um oponente de peso, Augusto Aras O procurador-geral da Rep\u00fablica, Augusto Aras, entrou com uma a\u00e7\u00e3o no Supremo Tribunal [&hellip;]<\/p>\n","protected":false},"author":27,"featured_media":0,"comment_status":"open","ping_status":"closed","sticky":false,"template":"","format":"standard","meta":{"footnotes":""},"categories":[2719],"tags":[176,946,17505,386,17506,7143,16896,4523,417,17476,17255,548,1235,4303,326,58,34],"class_list":["post-16138","post","type-post","status-publish","format-standard","hentry","category-servidor","tag-acao","tag-arrecadacao","tag-augusto-aras","tag-beneficio","tag-bonus-covid","tag-cnmp","tag-coronavirus","tag-impactos","tag-ministerio-publico","tag-mp-mt","tag-pandemia","tag-pgr","tag-procuradores","tag-promotores","tag-receitas","tag-servidores","tag-stf"],"_links":{"self":[{"href":"https:\/\/blogs.correiobraziliense.com.br\/servidor\/wp-json\/wp\/v2\/posts\/16138","targetHints":{"allow":["GET"]}}],"collection":[{"href":"https:\/\/blogs.correiobraziliense.com.br\/servidor\/wp-json\/wp\/v2\/posts"}],"about":[{"href":"https:\/\/blogs.correiobraziliense.com.br\/servidor\/wp-json\/wp\/v2\/types\/post"}],"author":[{"embeddable":true,"href":"https:\/\/blogs.correiobraziliense.com.br\/servidor\/wp-json\/wp\/v2\/users\/27"}],"replies":[{"embeddable":true,"href":"https:\/\/blogs.correiobraziliense.com.br\/servidor\/wp-json\/wp\/v2\/comments?post=16138"}],"version-history":[{"count":1,"href":"https:\/\/blogs.correiobraziliense.com.br\/servidor\/wp-json\/wp\/v2\/posts\/16138\/revisions"}],"predecessor-version":[{"id":16139,"href":"https:\/\/blogs.correiobraziliense.com.br\/servidor\/wp-json\/wp\/v2\/posts\/16138\/revisions\/16139"}],"wp:attachment":[{"href":"https:\/\/blogs.correiobraziliense.com.br\/servidor\/wp-json\/wp\/v2\/media?parent=16138"}],"wp:term":[{"taxonomy":"category","embeddable":true,"href":"https:\/\/blogs.correiobraziliense.com.br\/servidor\/wp-json\/wp\/v2\/categories?post=16138"},{"taxonomy":"post_tag","embeddable":true,"href":"https:\/\/blogs.correiobraziliense.com.br\/servidor\/wp-json\/wp\/v2\/tags?post=16138"}],"curies":[{"name":"wp","href":"https:\/\/api.w.org\/{rel}","templated":true}]}}