{"id":1613,"date":"2016-04-28T20:04:16","date_gmt":"2016-04-28T23:04:16","guid":{"rendered":"https:\/\/blogs.correiobraziliense.com.br\/servidor\/?p=1613"},"modified":"2016-04-28T20:04:16","modified_gmt":"2016-04-28T23:04:16","slug":"amanha-e-o-ultimo-dia-para-declaracoes-do-irpf-2016","status":"publish","type":"post","link":"https:\/\/blogs.correiobraziliense.com.br\/servidor\/amanha-e-o-ultimo-dia-para-declaracoes-do-irpf-2016\/","title":{"rendered":"AMANH\u00c3 \u00c9 O \u00daLTIMO DIA PARA DECLARA\u00c7\u00d5ES DO IRPF 2016"},"content":{"rendered":"<p>Receita Federal alerta: <span style=\"color: #00323f;font-family: sans-serif;font-size: small\"><i>Contribuintes que perderem o prazo estar\u00e3o sujeitos ao pagamento de multa<\/i><\/span><\/p>\n<p><span style=\"font-family: sans-serif;font-size: small\">Termina amanh\u00e3, 29 de abril, o prazo de entrega de declara\u00e7\u00f5es do IRPF 2016. Os contribuintes devem ficar atentos quanto aos hor\u00e1rios de entrega da declara\u00e7\u00e3o. O servi\u00e7o de recep\u00e7\u00e3o das declara\u00e7\u00f5es ser\u00e1 interrompido \u00e0s 23h59min59s (vinte e tr\u00eas horas, cinquenta e nove minutos e cinquenta e nove segundos), hor\u00e1rio de Bras\u00edlia. <\/span><\/p>\n<div><span style=\"font-family: sans-serif;font-size: small\">A\u00a0 Receita alerta para o risco das pessoas deixarem para enviar a declara\u00e7\u00e3o nos \u00faltimos dias, pois os contribuintes que perderem o prazo estar\u00e3o sujeitos ao pagamento de multa m\u00ednima de R$ 165,74 e m\u00e1xima de 20% do imposto devido.<\/span><br \/>\n<span style=\"font-family: sans-serif;font-size: small\"><b><u>Balan\u00e7o IRPF<\/u><\/b><\/span><\/p>\n<div><span style=\"font-family: sans-serif;font-size: small\">At\u00e9 as 17 horas de hoje (28\/4), 22.661.197 declara\u00e7\u00f5es foram recebidas pela Receita Federal. O prazo de entrega termina amanh\u00e3 (29\/4) e s\u00e3o esperadas 28,5 milh\u00f5es de declara\u00e7\u00f5es.<\/span><span style=\"font-family: sans-serif;font-size: small\">Todas as informa\u00e7\u00f5es sobre a declara\u00e7\u00e3o do IRPF 2016 est\u00e3o dispon\u00edveis <\/span><a href=\"http:\/\/idg.receita.fazenda.gov.br\/interface\/cidadao\/irpf\/2016\" target=\"_blank\"><span style=\"color: blue;font-family: sans-serif;font-size: small\">aqui<\/span><\/a><\/p>\n<\/div>\n<\/div>\n","protected":false},"excerpt":{"rendered":"<p>Receita Federal alerta: Contribuintes que perderem o prazo estar\u00e3o sujeitos ao pagamento de multa Termina amanh\u00e3, 29 de abril, o prazo de entrega de declara\u00e7\u00f5es do IRPF 2016. Os contribuintes devem ficar atentos quanto aos hor\u00e1rios de entrega da declara\u00e7\u00e3o. O servi\u00e7o de recep\u00e7\u00e3o das declara\u00e7\u00f5es ser\u00e1 interrompido \u00e0s 23h59min59s (vinte e tr\u00eas horas, cinquenta e nove minutos e cinquenta [&hellip;]<\/p>\n","protected":false},"author":27,"featured_media":0,"comment_status":"open","ping_status":"closed","sticky":false,"template":"","format":"standard","meta":{"footnotes":""},"categories":[1],"tags":[1218,947,1273,1997,405,1174,1212,1996],"class_list":["post-1613","post","type-post","status-publish","format-standard","hentry","category-sem-categoria","tag-declaracoes","tag-dia","tag-entrega","tag-irpf-2016","tag-multa","tag-prazo","tag-risco","tag-ultimo"],"_links":{"self":[{"href":"https:\/\/blogs.correiobraziliense.com.br\/servidor\/wp-json\/wp\/v2\/posts\/1613","targetHints":{"allow":["GET"]}}],"collection":[{"href":"https:\/\/blogs.correiobraziliense.com.br\/servidor\/wp-json\/wp\/v2\/posts"}],"about":[{"href":"https:\/\/blogs.correiobraziliense.com.br\/servidor\/wp-json\/wp\/v2\/types\/post"}],"author":[{"embeddable":true,"href":"https:\/\/blogs.correiobraziliense.com.br\/servidor\/wp-json\/wp\/v2\/users\/27"}],"replies":[{"embeddable":true,"href":"https:\/\/blogs.correiobraziliense.com.br\/servidor\/wp-json\/wp\/v2\/comments?post=1613"}],"version-history":[{"count":1,"href":"https:\/\/blogs.correiobraziliense.com.br\/servidor\/wp-json\/wp\/v2\/posts\/1613\/revisions"}],"predecessor-version":[{"id":1614,"href":"https:\/\/blogs.correiobraziliense.com.br\/servidor\/wp-json\/wp\/v2\/posts\/1613\/revisions\/1614"}],"wp:attachment":[{"href":"https:\/\/blogs.correiobraziliense.com.br\/servidor\/wp-json\/wp\/v2\/media?parent=1613"}],"wp:term":[{"taxonomy":"category","embeddable":true,"href":"https:\/\/blogs.correiobraziliense.com.br\/servidor\/wp-json\/wp\/v2\/categories?post=1613"},{"taxonomy":"post_tag","embeddable":true,"href":"https:\/\/blogs.correiobraziliense.com.br\/servidor\/wp-json\/wp\/v2\/tags?post=1613"}],"curies":[{"name":"wp","href":"https:\/\/api.w.org\/{rel}","templated":true}]}}