{"id":16121,"date":"2020-05-07T20:34:18","date_gmt":"2020-05-07T23:34:18","guid":{"rendered":"https:\/\/blogs.correiobraziliense.com.br\/servidor\/?p=16121"},"modified":"2020-05-07T20:35:17","modified_gmt":"2020-05-07T23:35:17","slug":"justica-condena-gdf-a-pagar-r-40-mil-de-indenizacao-a-policial","status":"publish","type":"post","link":"https:\/\/blogs.correiobraziliense.com.br\/servidor\/justica-condena-gdf-a-pagar-r-40-mil-de-indenizacao-a-policial\/","title":{"rendered":"Justi\u00e7a condena GDF a pagar R$ 40 mil de indeniza\u00e7\u00e3o a policial"},"content":{"rendered":"<p><em><strong>A 3\u00aa sess\u00e3o do Tribunal de Justi\u00e7a do Distrito Federal e Territ\u00f3rios (TJDFT) decidiu responsabilizar o estado pela queda de uma policial nas depend\u00eancias da delegacia e determinou indeniza\u00e7\u00e3o por danos morais e est\u00e9ticos no valor de R$ 20 mil para cada condena\u00e7\u00e3o. A policial ficou afastada das atividades por 67 dias, fazendo sess\u00f5es de fisioterapia, e ficou com sequela permanente nos dedos das m\u00e3os<\/strong><\/em><\/p>\n<p>Na decis\u00e3o, foi considerada a responsabilidade civil do Estado prevista no art. 37, \u00a7 6\u00ba da Constitui\u00e7\u00e3o Federal, com base na Teoria do Risco Administrativo, tanto para as condutas estatais comissivas quanto para as omissivas. Para que exista responsabilidade civil estatal \u00e9 necess\u00e1rio demonstrar a correla\u00e7\u00e3o l\u00f3gica e necess\u00e1ria entre a a\u00e7\u00e3o ou omiss\u00e3o e o evento danoso.<\/p>\n<p>\u201cNo caso, s\u00e3o incontestes o acidente, os danos sofridos pela autora e que o piso havia sido encerado, sem que essa peculiaridade estivesse devidamente sinalizada\u201d, afirmou o desembargador do caso.<\/p>\n<p>Para o advogado Felipe Bayma, do Bayma e Fernandes Advogados Associados, o julgamento da 3\u00aa Turma C\u00edvel do TJDFT analisou o caso de forma justa e coerente com as determina\u00e7\u00f5es legais ao reformar a decis\u00e3o de primeira inst\u00e2ncia e condenar o Distrito Federal.<\/p>\n<p>\u201cFicou comprovado que, em raz\u00e3o do acidente sofrido no seu local de trabalho, a m\u00e3o da apelante ficou deformada, o que a constrange e afeta muito sua autoestima, o que, sem d\u00favidas, enseja indeniza\u00e7\u00e3o por danos morais e est\u00e9ticos\u201d, explicou o advogado.<\/p>\n","protected":false},"excerpt":{"rendered":"<p>A 3\u00aa sess\u00e3o do Tribunal de Justi\u00e7a do Distrito Federal e Territ\u00f3rios (TJDFT) decidiu responsabilizar o estado pela queda de uma policial nas depend\u00eancias da delegacia e determinou indeniza\u00e7\u00e3o por danos morais e est\u00e9ticos no valor de R$ 20 mil para cada condena\u00e7\u00e3o. A policial ficou afastada das atividades por 67 dias, fazendo sess\u00f5es de fisioterapia, e ficou com sequela [&hellip;]<\/p>\n","protected":false},"author":27,"featured_media":0,"comment_status":"open","ping_status":"closed","sticky":false,"template":"","format":"standard","meta":{"footnotes":""},"categories":[2719],"tags":[4099,1052,10674,5760,17490,17491,2692,1037,260,1976,1629,4164,17492,1310],"class_list":["post-16121","post","type-post","status-publish","format-standard","hentry","category-servidor","tag-condena","tag-danos-morais","tag-dedos","tag-delegacia","tag-esteticos","tag-fisioterapia","tag-gdf","tag-indenizacao","tag-justica","tag-maos","tag-permanente","tag-policial","tag-sequela","tag-tjdft"],"_links":{"self":[{"href":"https:\/\/blogs.correiobraziliense.com.br\/servidor\/wp-json\/wp\/v2\/posts\/16121","targetHints":{"allow":["GET"]}}],"collection":[{"href":"https:\/\/blogs.correiobraziliense.com.br\/servidor\/wp-json\/wp\/v2\/posts"}],"about":[{"href":"https:\/\/blogs.correiobraziliense.com.br\/servidor\/wp-json\/wp\/v2\/types\/post"}],"author":[{"embeddable":true,"href":"https:\/\/blogs.correiobraziliense.com.br\/servidor\/wp-json\/wp\/v2\/users\/27"}],"replies":[{"embeddable":true,"href":"https:\/\/blogs.correiobraziliense.com.br\/servidor\/wp-json\/wp\/v2\/comments?post=16121"}],"version-history":[{"count":2,"href":"https:\/\/blogs.correiobraziliense.com.br\/servidor\/wp-json\/wp\/v2\/posts\/16121\/revisions"}],"predecessor-version":[{"id":16123,"href":"https:\/\/blogs.correiobraziliense.com.br\/servidor\/wp-json\/wp\/v2\/posts\/16121\/revisions\/16123"}],"wp:attachment":[{"href":"https:\/\/blogs.correiobraziliense.com.br\/servidor\/wp-json\/wp\/v2\/media?parent=16121"}],"wp:term":[{"taxonomy":"category","embeddable":true,"href":"https:\/\/blogs.correiobraziliense.com.br\/servidor\/wp-json\/wp\/v2\/categories?post=16121"},{"taxonomy":"post_tag","embeddable":true,"href":"https:\/\/blogs.correiobraziliense.com.br\/servidor\/wp-json\/wp\/v2\/tags?post=16121"}],"curies":[{"name":"wp","href":"https:\/\/api.w.org\/{rel}","templated":true}]}}