{"id":16071,"date":"2020-05-06T16:42:03","date_gmt":"2020-05-06T19:42:03","guid":{"rendered":"https:\/\/blogs.correiobraziliense.com.br\/servidor\/?p=16071"},"modified":"2020-05-06T16:44:15","modified_gmt":"2020-05-06T19:44:15","slug":"brasilprev-aponta-que-maes-investem-mais-na-previdencia-para-criancas-e-jovens","status":"publish","type":"post","link":"https:\/\/blogs.correiobraziliense.com.br\/servidor\/brasilprev-aponta-que-maes-investem-mais-na-previdencia-para-criancas-e-jovens\/","title":{"rendered":"Brasilprev aponta que m\u00e3es investem mais na previd\u00eancia para crian\u00e7as e jovens"},"content":{"rendered":"<p><em><strong>As m\u00e3es somam 45% da base de clientes do Brasilprev J\u00fanior, produto voltado ao p\u00fablico entre 0 a 21 anos. Os outros 55% est\u00e3o divididos entre pais, av\u00f3s, tios e outros p\u00fablicos<\/strong><\/em><\/p>\n<p><img loading=\"lazy\" decoding=\"async\" class=\"alignright size-large wp-image-16072\" src=\"https:\/\/blogs.correiobraziliense.com.br\/servidor\/wp-content\/uploads\/sites\/10\/2020\/05\/m\u00e3es-previd\u00eancia-326x1024.png\" alt=\"\" width=\"326\" height=\"1024\" srcset=\"https:\/\/blogs.correiobraziliense.com.br\/servidor\/wp-content\/uploads\/sites\/10\/2020\/05\/m\u00e3es-previd\u00eancia-326x1024.png 326w, https:\/\/blogs.correiobraziliense.com.br\/servidor\/wp-content\/uploads\/sites\/10\/2020\/05\/m\u00e3es-previd\u00eancia-111x350.png 111w, https:\/\/blogs.correiobraziliense.com.br\/servidor\/wp-content\/uploads\/sites\/10\/2020\/05\/m\u00e3es-previd\u00eancia-550x1728.png 550w, https:\/\/blogs.correiobraziliense.com.br\/servidor\/wp-content\/uploads\/sites\/10\/2020\/05\/m\u00e3es-previd\u00eancia-230x723.png 230w, https:\/\/blogs.correiobraziliense.com.br\/servidor\/wp-content\/uploads\/sites\/10\/2020\/05\/m\u00e3es-previd\u00eancia.png 700w\" sizes=\"auto, (max-width: 326px) 100vw, 326px\" \/><\/p>\n<p>Investir no futuro dos filhos \u00e9 uma das prioridades das m\u00e3es brasileiras. De acordo com levantamento atualizado da Brasilprev, empresa especialista em previd\u00eancia privada, as m\u00e3es representam 45% dos respons\u00e1veis financeiros que adquiriram o Brasilprev J\u00fanior para uma crian\u00e7a ou jovem. Esse percentual representa 271 mil planos desse produto.<\/p>\n<p>\u201cCom valor inicial de contribui\u00e7\u00e3o de R$ 100 e lan\u00e7ado pioneiramente pela companhia em 1997, o Brasilprev J\u00fanior criou um segmento dentro do setor de previd\u00eancia privada, conhecido como \u2018Menor\u2019. Ele \u00e9 um meio para que adultos acumulem recursos para crian\u00e7as e adolescentes e realizem projetos de vida ainda quando s\u00e3o jovens, principalmente os ligados \u00e0 educa\u00e7\u00e3o, como um curso profissionalizante e a faculdade&#8221;, comenta \u00c2ngela Beatriz de Assis, diretora Comercial e de Marketing da Brasilprev.<\/p>\n<p>O valor da contribui\u00e7\u00e3o m\u00e9dia das m\u00e3es do Brasilprev J\u00fanior \u00e9 de R$ 232,00. Em rela\u00e7\u00e3o \u00e0 modalidade dos planos, 74% s\u00e3o Vida Gerador de Benef\u00edcio Livre (VGBL) e 58% est\u00e3o na Tabela Regressiva do Imposto de Renda. A idade m\u00e9dia das m\u00e3es \u00e9 de 45 anos e dos filhos \u00e9 de 12 anos.<\/p>\n<p>Em rela\u00e7\u00e3o \u00e0s regi\u00f5es do pa\u00eds, a propor\u00e7\u00e3o dos planos est\u00e1 distribu\u00edda da seguinte forma: 35%, no Sudeste; 27% no Centro Oeste; 19% no Nordeste; 14% no Sul; e 5% no Norte.<\/p>\n","protected":false},"excerpt":{"rendered":"<p>As m\u00e3es somam 45% da base de clientes do Brasilprev J\u00fanior, produto voltado ao p\u00fablico entre 0 a 21 anos. Os outros 55% est\u00e3o divididos entre pais, av\u00f3s, tios e outros p\u00fablicos Investir no futuro dos filhos \u00e9 uma das prioridades das m\u00e3es brasileiras. De acordo com levantamento atualizado da Brasilprev, empresa especialista em previd\u00eancia privada, as m\u00e3es representam 45% [&hellip;]<\/p>\n","protected":false},"author":27,"featured_media":0,"comment_status":"open","ping_status":"closed","sticky":false,"template":"","format":"standard","meta":{"footnotes":""},"categories":[2719],"tags":[17472,5626,752,9488,444,17471,198,2487,1295,1300,316],"class_list":["post-16071","post","type-post","status-publish","format-standard","hentry","category-servidor","tag-avos","tag-brasilprev","tag-crianca","tag-jovem","tag-jovens","tag-junior","tag-pais","tag-previdencia-complementar","tag-privada","tag-projetos","tag-recursos"],"_links":{"self":[{"href":"https:\/\/blogs.correiobraziliense.com.br\/servidor\/wp-json\/wp\/v2\/posts\/16071","targetHints":{"allow":["GET"]}}],"collection":[{"href":"https:\/\/blogs.correiobraziliense.com.br\/servidor\/wp-json\/wp\/v2\/posts"}],"about":[{"href":"https:\/\/blogs.correiobraziliense.com.br\/servidor\/wp-json\/wp\/v2\/types\/post"}],"author":[{"embeddable":true,"href":"https:\/\/blogs.correiobraziliense.com.br\/servidor\/wp-json\/wp\/v2\/users\/27"}],"replies":[{"embeddable":true,"href":"https:\/\/blogs.correiobraziliense.com.br\/servidor\/wp-json\/wp\/v2\/comments?post=16071"}],"version-history":[{"count":2,"href":"https:\/\/blogs.correiobraziliense.com.br\/servidor\/wp-json\/wp\/v2\/posts\/16071\/revisions"}],"predecessor-version":[{"id":16074,"href":"https:\/\/blogs.correiobraziliense.com.br\/servidor\/wp-json\/wp\/v2\/posts\/16071\/revisions\/16074"}],"wp:attachment":[{"href":"https:\/\/blogs.correiobraziliense.com.br\/servidor\/wp-json\/wp\/v2\/media?parent=16071"}],"wp:term":[{"taxonomy":"category","embeddable":true,"href":"https:\/\/blogs.correiobraziliense.com.br\/servidor\/wp-json\/wp\/v2\/categories?post=16071"},{"taxonomy":"post_tag","embeddable":true,"href":"https:\/\/blogs.correiobraziliense.com.br\/servidor\/wp-json\/wp\/v2\/tags?post=16071"}],"curies":[{"name":"wp","href":"https:\/\/api.w.org\/{rel}","templated":true}]}}