{"id":16064,"date":"2020-05-06T13:29:02","date_gmt":"2020-05-06T16:29:02","guid":{"rendered":"https:\/\/blogs.correiobraziliense.com.br\/servidor\/?p=16064"},"modified":"2020-05-06T13:29:02","modified_gmt":"2020-05-06T16:29:02","slug":"papel-da-mulher-frente-a-pandemia-pela-covid-19","status":"publish","type":"post","link":"https:\/\/blogs.correiobraziliense.com.br\/servidor\/papel-da-mulher-frente-a-pandemia-pela-covid-19\/","title":{"rendered":"Papel da mulher frente \u00e0 pandemia pela Covid-19"},"content":{"rendered":"<p><em><strong>Webinar semanal re\u00fane mulheres atuantes e influentes para debater a mudan\u00e7a na rotina e os principais desafios no enfrentamento \u00e0 crise da Covid-19. A videoconfer\u00eancia, em homenagem ao Dia das M\u00e3es, ser\u00e1 nessa quinta-feira (7), \u00e0s 9h30<\/strong><\/em><\/p>\n<p>A pandemia da Covid-19 mudou a rotina de grande parte da humanidade com o isolamento social dos \u00faltimos meses. Neste contexto, as mulheres est\u00e3o sob forte press\u00e3o para desempenhar importantes fun\u00e7\u00f5es simult\u00e2neas, como trabalhar, cuidar da casa e acompanhar a educa\u00e7\u00e3o dos filhos, al\u00e9m de prestar assist\u00eancia aos idosos da fam\u00edlia. Para analisar os desafios e obst\u00e1culos da mulher durante a pandemia, a In Press Oficina, promove nesta quinta-feira (7), a 5\u00aa edi\u00e7\u00e3o do Arena de Ideias. O webinar come\u00e7a \u00e0s 9h30 e ter\u00e1 como tema: \u201cO papel das mulheres no enfrentamento da Covid-19\u201d.<\/p>\n<p>Participam da videoconfer\u00eancia a bioqu\u00edmica e presidente-executiva do Grupo Sabin Medicina Diagn\u00f3stica, L\u00eddia Abdalla, a representante da ONU Mulheres Brasil, Adriana Carvalho, e a jornalista e s\u00f3cia-diretora da In Press Oficina, Patr\u00edcia Marins, que trar\u00e1 a vis\u00e3o da Comunica\u00e7\u00e3o e a import\u00e2ncia de dar voz as mulheres durante a pandemia.<\/p>\n<p>O debate jogar\u00e1 luz sobre quest\u00f5es urgentes do dia a dia de mulheres espalhadas por todo o mundo, como todas as profissionais de sa\u00fade que atuam nos hospitais e convivem com o medo de levar a doen\u00e7a para a fam\u00edlia. Al\u00e9m disso, segundo o relat\u00f3rio Mulheres no Centro da Luta Contra a Covid-19, da ONU Mulheres, o isolamento social gerou aumento no n\u00famero de casos de viol\u00eancia e ass\u00e9dio contra as mulheres. Confinadas por causa da luta contra a prolifera\u00e7\u00e3o do v\u00edrus, muitas n\u00e3o denunciam a viol\u00eancia, pois correm o risco de sair de casa e adoecer.<\/p>\n<p>Para acompanhar o Webinar, em homenagem ao Dia das M\u00e3es e \u00e0s mulheres, se inscreva no canal da In Press Oficina no Youtube pelo link: https:\/\/web.inpressoficina.com.br\/webinar-5<\/p>\n<p><strong>Servi\u00e7o<\/strong>:<\/p>\n<p>Arena de Ideias In Press Oficina<br \/>\nTema: O papel das mulheres no enfrentamento da Covid-19<br \/>\nData: 7 de maio &#8211; quinta-feira<br \/>\nHor\u00e1rio: 9h30<br \/>\nLink: https:\/\/web.inpressoficina.com.br\/webinar-5<\/p>\n","protected":false},"excerpt":{"rendered":"<p>Webinar semanal re\u00fane mulheres atuantes e influentes para debater a mudan\u00e7a na rotina e os principais desafios no enfrentamento \u00e0 crise da Covid-19. A videoconfer\u00eancia, em homenagem ao Dia das M\u00e3es, ser\u00e1 nessa quinta-feira (7), \u00e0s 9h30 A pandemia da Covid-19 mudou a rotina de grande parte da humanidade com o isolamento social dos \u00faltimos meses. Neste contexto, as mulheres [&hellip;]<\/p>\n","protected":false},"author":27,"featured_media":0,"comment_status":"open","ping_status":"closed","sticky":false,"template":"","format":"standard","meta":{"footnotes":""},"categories":[2719],"tags":[1870,16896,17256,134,15125,1800,1242,3841,17459,3716,3621,17255,1075,11216,616,2103,17266,4427,13547,912],"class_list":["post-16064","post","type-post","status-publish","format-standard","hentry","category-servidor","tag-assedio","tag-coronavirus","tag-covid-19","tag-denuncia","tag-dia-das-maes","tag-enfrentamento","tag-familia","tag-hospitais","tag-isolamento","tag-mulher","tag-onu","tag-pandemia","tag-profissionais","tag-proliferacao","tag-saude","tag-social","tag-videoconferencia","tag-violencia","tag-webinar","tag-youtube"],"_links":{"self":[{"href":"https:\/\/blogs.correiobraziliense.com.br\/servidor\/wp-json\/wp\/v2\/posts\/16064","targetHints":{"allow":["GET"]}}],"collection":[{"href":"https:\/\/blogs.correiobraziliense.com.br\/servidor\/wp-json\/wp\/v2\/posts"}],"about":[{"href":"https:\/\/blogs.correiobraziliense.com.br\/servidor\/wp-json\/wp\/v2\/types\/post"}],"author":[{"embeddable":true,"href":"https:\/\/blogs.correiobraziliense.com.br\/servidor\/wp-json\/wp\/v2\/users\/27"}],"replies":[{"embeddable":true,"href":"https:\/\/blogs.correiobraziliense.com.br\/servidor\/wp-json\/wp\/v2\/comments?post=16064"}],"version-history":[{"count":1,"href":"https:\/\/blogs.correiobraziliense.com.br\/servidor\/wp-json\/wp\/v2\/posts\/16064\/revisions"}],"predecessor-version":[{"id":16065,"href":"https:\/\/blogs.correiobraziliense.com.br\/servidor\/wp-json\/wp\/v2\/posts\/16064\/revisions\/16065"}],"wp:attachment":[{"href":"https:\/\/blogs.correiobraziliense.com.br\/servidor\/wp-json\/wp\/v2\/media?parent=16064"}],"wp:term":[{"taxonomy":"category","embeddable":true,"href":"https:\/\/blogs.correiobraziliense.com.br\/servidor\/wp-json\/wp\/v2\/categories?post=16064"},{"taxonomy":"post_tag","embeddable":true,"href":"https:\/\/blogs.correiobraziliense.com.br\/servidor\/wp-json\/wp\/v2\/tags?post=16064"}],"curies":[{"name":"wp","href":"https:\/\/api.w.org\/{rel}","templated":true}]}}