{"id":1606,"date":"2016-04-28T14:36:26","date_gmt":"2016-04-28T17:36:26","guid":{"rendered":"https:\/\/blogs.correiobraziliense.com.br\/servidor\/?p=1606"},"modified":"2016-04-28T14:36:26","modified_gmt":"2016-04-28T17:36:26","slug":"contraf-cut-critica-copom-por-manter-selic-em-1425-ao-ano","status":"publish","type":"post","link":"https:\/\/blogs.correiobraziliense.com.br\/servidor\/contraf-cut-critica-copom-por-manter-selic-em-1425-ao-ano\/","title":{"rendered":"CONTRAF-CUT CRITICA COPOM POR MANTER SELIC EM 14,25% AO ANO"},"content":{"rendered":"<p><em>Segundo Roberto von der Osten, para a retomada do crescimento, taxa b\u00e1sica de juros deve baixar com urg\u00eancia. Os juros brasileiros est\u00e3o entre os mais altos do planeta. &#8220;O Copom nesta terceira reuni\u00e3o do ano, manteve a taxa. Parece n\u00e3o ter entendido que \u00e9 urgente baixar para retomar o crescimento e superar a crise econ\u00f4mica&#8221;, disse Osten.<br \/>\n<\/em><\/p>\n<p>O Comit\u00ea de Pol\u00edtica Monet\u00e1ria (Copom) do Banco Central se reuniu nesta quarta-feira (27) e decidiu manter os juros b\u00e1sicos da economia est\u00e1veis em 14,25% ao ano, sem vi\u00e9s. A decis\u00e3o, anunciada ao encerramento da reuni\u00e3o, foi un\u00e2nime.<\/p>\n<p>Segundo o presidente da Contraf-CUT, Roberto von der Osten, o Copom desde 2014 elevou sete vezes seguidas a taxa Selic, que cresceu 3,25 pontos percentuais no per\u00edodo, enquanto a escondia, caminhou para a recess\u00e3o. A partir de setembro do ano passado suspendeu o aperto e congelou a taxa em 14,25% ao ano. A partir da\u00ed a infla\u00e7\u00e3o reagiu levemente para baixo.<\/p>\n<p>Ap\u00f3s a reuni\u00e3o, o BC divulgou a seguinte frase: &#8220;O Comit\u00ea reconhece os avan\u00e7os de combate \u00e0 infla\u00e7\u00e3o, em especial a conten\u00e7\u00e3o dos efeitos de segunda ordem dos ajustes de pre\u00e7os relativos. No entanto, considera que o n\u00edvel elevado da infla\u00e7\u00e3o em doze meses e as expectativas de infla\u00e7\u00e3o distantes dos objetivos do regime de metas n\u00e3o oferecem espa\u00e7o para flexibiliza\u00e7\u00e3o da pol\u00edtica monet\u00e1ria&#8221;.<\/p>\n<p>Votaram por essa decis\u00e3o os seguintes membros do Comit\u00ea: Alexandre Antonio Tombini (Presidente), Aldo Luiz Mendes, Altamir Lopes, Anthero de Moraes Meirelles, Luiz Edson Feltrim, Ot\u00e1vio Ribeiro Damaso, Sidnei Corr\u00eaa Marques e Tony Volpon.<\/p>\n","protected":false},"excerpt":{"rendered":"<p>Segundo Roberto von der Osten, para a retomada do crescimento, taxa b\u00e1sica de juros deve baixar com urg\u00eancia. Os juros brasileiros est\u00e3o entre os mais altos do planeta. &#8220;O Copom nesta terceira reuni\u00e3o do ano, manteve a taxa. Parece n\u00e3o ter entendido que \u00e9 urgente baixar para retomar o crescimento e superar a crise econ\u00f4mica&#8221;, disse Osten. O Comit\u00ea de [&hellip;]<\/p>\n","protected":false},"author":27,"featured_media":0,"comment_status":"open","ping_status":"closed","sticky":false,"template":"","format":"standard","meta":{"footnotes":""},"categories":[1],"tags":[639,1988,1986,1104,795,473,1987,716,1953,1960],"class_list":["post-1606","post","type-post","status-publish","format-standard","hentry","category-sem-categoria","tag-ano","tag-baixar","tag-contra-cut","tag-copom","tag-crescimento","tag-critica","tag-manter","tag-retomada","tag-selic","tag-urgencia"],"_links":{"self":[{"href":"https:\/\/blogs.correiobraziliense.com.br\/servidor\/wp-json\/wp\/v2\/posts\/1606","targetHints":{"allow":["GET"]}}],"collection":[{"href":"https:\/\/blogs.correiobraziliense.com.br\/servidor\/wp-json\/wp\/v2\/posts"}],"about":[{"href":"https:\/\/blogs.correiobraziliense.com.br\/servidor\/wp-json\/wp\/v2\/types\/post"}],"author":[{"embeddable":true,"href":"https:\/\/blogs.correiobraziliense.com.br\/servidor\/wp-json\/wp\/v2\/users\/27"}],"replies":[{"embeddable":true,"href":"https:\/\/blogs.correiobraziliense.com.br\/servidor\/wp-json\/wp\/v2\/comments?post=1606"}],"version-history":[{"count":1,"href":"https:\/\/blogs.correiobraziliense.com.br\/servidor\/wp-json\/wp\/v2\/posts\/1606\/revisions"}],"predecessor-version":[{"id":1607,"href":"https:\/\/blogs.correiobraziliense.com.br\/servidor\/wp-json\/wp\/v2\/posts\/1606\/revisions\/1607"}],"wp:attachment":[{"href":"https:\/\/blogs.correiobraziliense.com.br\/servidor\/wp-json\/wp\/v2\/media?parent=1606"}],"wp:term":[{"taxonomy":"category","embeddable":true,"href":"https:\/\/blogs.correiobraziliense.com.br\/servidor\/wp-json\/wp\/v2\/categories?post=1606"},{"taxonomy":"post_tag","embeddable":true,"href":"https:\/\/blogs.correiobraziliense.com.br\/servidor\/wp-json\/wp\/v2\/tags?post=1606"}],"curies":[{"name":"wp","href":"https:\/\/api.w.org\/{rel}","templated":true}]}}