{"id":16054,"date":"2020-05-05T19:16:38","date_gmt":"2020-05-05T22:16:38","guid":{"rendered":"https:\/\/blogs.correiobraziliense.com.br\/servidor\/?p=16054"},"modified":"2020-05-05T20:01:19","modified_gmt":"2020-05-05T23:01:19","slug":"servidores-de-seguranca-e-saude-estao-ganhando-queda-de-braco-com-o-governo","status":"publish","type":"post","link":"https:\/\/blogs.correiobraziliense.com.br\/servidor\/servidores-de-seguranca-e-saude-estao-ganhando-queda-de-braco-com-o-governo\/","title":{"rendered":"Servidores de seguran\u00e7a e sa\u00fade est\u00e3o ganhando queda de bra\u00e7o com o governo"},"content":{"rendered":"<p><em><strong>O deputado Pedro Paulo (DEM\/RJ) acatou a emenda de Plen\u00e1rio n\u00ba 115 e incluiu no PL 39\/2020 policiais legislativos, t\u00e9cnicos e peritos criminais, agentes socioeducativos, limpeza urbana, assist\u00eancia social e profissionais de sa\u00fade da Uni\u00e3o, dos Estados, do Distrito Federal e dos munic\u00edpios, \u00e0 frente do combate \u00e0 crise sanit\u00e1ria, \u00e0s carreiras com direito a promo\u00e7\u00f5es e progress\u00f5es e dispensadas de congelamento de sal\u00e1rios<\/strong><\/em><\/p>\n<p>O Plen\u00e1rio da C\u00e2mara dos Deputados acaba de aprovar, com 437 votos a favor e 34 contra, o texto base do PLP 39\/2020 (estabelece o programa de enfrentamento \u00e0 Covi-19 e pede contrapartidas de Estados e munic\u00edpios, como congelamento de sal\u00e1rios e proibi\u00e7\u00e3o de promo\u00e7\u00f5es e progress\u00f5es)<\/p>\n<p>Conclu\u00edda a vota\u00e7\u00e3o do texto base da mat\u00e9ria, os deputados passar\u00e3o a apreciar os destaques para vota\u00e7\u00e3o em separado, com mudan\u00e7as pontuais no texto aprovado. At\u00e9 o momento, foram apresentados 10 destaques de bancada, sendo 9 de interesse dos servidores p\u00fablicos: os de n\u00fameros 2, 3, 4, 6, 11, 14, 15, 19 21.<\/p>\n<p><strong>Tramita\u00e7\u00e3o<\/strong><\/p>\n<p>Em uma live agora h\u00e1 pouco, entre o deputado Lu\u00eds Miranda (DEM-DF) e o senador Eduardo Gomes (l\u00edder do governo no Senado), os parlamentares tranquilizam delegados peritos criminais e agentes da Pol\u00edcia Federal e da Pol\u00edcia Rodovi\u00e1ria Federal. Essas categorias estavam no projeto que foi inicialmente da C\u00e2mara para o Senado. Mas no s\u00e1bado passado (2 de abril), o Senado os retirou do rol dos que merecem n\u00e3o ter\u00a0 congelamento de sal\u00e1rio e que continuar\u00e3o a merecer progress\u00f5es e promo\u00e7\u00f5es.<\/p>\n<p>https:\/\/youtu.be\/2QcVangC-Nw<\/p>\n<p>Ontem pela manh\u00e3, houve uma forte mobiliza\u00e7\u00e3o de delegados, peritos criminais e agentes da Pol\u00edcia Federal e da Pol\u00edcia Rodovi\u00e1ria Federal contra a iniciativa do Senado de cortar apenas os federais (mantendo os profissionais de estados, munic\u00edpios e as For\u00e7as Armadas) dessa prerrogativa. Por meio de nota, as categorias \u2013 que votaram em massa na atual gest\u00e3o \u2013 se queixaram de que, na noite de s\u00e1bado (2), quando o Senado finalizou a vota\u00e7\u00e3o do plano emergencial de socorro financeiro a Estados e munic\u00edpios, e os excluiu, cometeu \u201cdiscrimina\u00e7\u00e3o, desrespeito e falta de \u00e9tica\u201d.<\/p>\n<p>No final da tarde de ontem, o presidente da C\u00e2mara, Rodrigo Maia (DEM-RJ) encerrou a sess\u00e3o de vota\u00e7\u00e3o do PLP 39\/2020. Por causa da inclus\u00e3o de outras categorias, o texto retornou ao Senado. O presidente da Associa\u00e7\u00e3o Nacional dos Policiais Federais (Fenapef), Lu\u00eds Boudens, disse que a expectativa \u00e9 de que, nessa quarta-feira (06), a quest\u00e3o seja encerrada. &#8220;Creio que o Senado deve acatar as mudan\u00e7as. Afinal, essa proposta tem o objetivo principal de socorrer Estados e munic\u00edpios. \u00c9 um assunto que tem urg\u00eancia&#8221;, afirmou.<\/p>\n","protected":false},"excerpt":{"rendered":"<p>O deputado Pedro Paulo (DEM\/RJ) acatou a emenda de Plen\u00e1rio n\u00ba 115 e incluiu no PL 39\/2020 policiais legislativos, t\u00e9cnicos e peritos criminais, agentes socioeducativos, limpeza urbana, assist\u00eancia social e profissionais de sa\u00fade da Uni\u00e3o, dos Estados, do Distrito Federal e dos munic\u00edpios, \u00e0 frente do combate \u00e0 crise sanit\u00e1ria, \u00e0s carreiras com direito a promo\u00e7\u00f5es e progress\u00f5es e dispensadas [&hellip;]<\/p>\n","protected":false},"author":27,"featured_media":0,"comment_status":"open","ping_status":"closed","sticky":false,"template":"","format":"standard","meta":{"footnotes":""},"categories":[2719],"tags":[229,2108,61,204,16896,17256,366,359,6334,433,2450,943,59,3372,17456,944,17454,14933,17455,110,8178,7570,616,9671,2781,330],"class_list":["post-16054","post","type-post","status-publish","format-standard","hentry","category-servidor","tag-agentes","tag-assistencia-social","tag-camara","tag-combate","tag-coronavirus","tag-covid-19","tag-crise","tag-deputado","tag-destaque","tag-distrito-federal","tag-emenda","tag-estados","tag-federais","tag-legislativos","tag-limpeza-urbana","tag-municipios","tag-pedro-paulo","tag-peritos-criminais","tag-pl-39-2020","tag-policiais","tag-rodoviarios-federais","tag-sanitaria","tag-saude","tag-socioeducativos","tag-tecnicos","tag-uniao"],"_links":{"self":[{"href":"https:\/\/blogs.correiobraziliense.com.br\/servidor\/wp-json\/wp\/v2\/posts\/16054","targetHints":{"allow":["GET"]}}],"collection":[{"href":"https:\/\/blogs.correiobraziliense.com.br\/servidor\/wp-json\/wp\/v2\/posts"}],"about":[{"href":"https:\/\/blogs.correiobraziliense.com.br\/servidor\/wp-json\/wp\/v2\/types\/post"}],"author":[{"embeddable":true,"href":"https:\/\/blogs.correiobraziliense.com.br\/servidor\/wp-json\/wp\/v2\/users\/27"}],"replies":[{"embeddable":true,"href":"https:\/\/blogs.correiobraziliense.com.br\/servidor\/wp-json\/wp\/v2\/comments?post=16054"}],"version-history":[{"count":5,"href":"https:\/\/blogs.correiobraziliense.com.br\/servidor\/wp-json\/wp\/v2\/posts\/16054\/revisions"}],"predecessor-version":[{"id":16059,"href":"https:\/\/blogs.correiobraziliense.com.br\/servidor\/wp-json\/wp\/v2\/posts\/16054\/revisions\/16059"}],"wp:attachment":[{"href":"https:\/\/blogs.correiobraziliense.com.br\/servidor\/wp-json\/wp\/v2\/media?parent=16054"}],"wp:term":[{"taxonomy":"category","embeddable":true,"href":"https:\/\/blogs.correiobraziliense.com.br\/servidor\/wp-json\/wp\/v2\/categories?post=16054"},{"taxonomy":"post_tag","embeddable":true,"href":"https:\/\/blogs.correiobraziliense.com.br\/servidor\/wp-json\/wp\/v2\/tags?post=16054"}],"curies":[{"name":"wp","href":"https:\/\/api.w.org\/{rel}","templated":true}]}}