{"id":16040,"date":"2020-05-05T11:48:57","date_gmt":"2020-05-05T14:48:57","guid":{"rendered":"https:\/\/blogs.correiobraziliense.com.br\/servidor\/?p=16040"},"modified":"2020-05-05T11:56:55","modified_gmt":"2020-05-05T14:56:55","slug":"novos-pilares-para-uma-economia-que-contemple-o-direito-ao-trabalho-e-tema-de-live-no-instragram-da-anamatra","status":"publish","type":"post","link":"https:\/\/blogs.correiobraziliense.com.br\/servidor\/novos-pilares-para-uma-economia-que-contemple-o-direito-ao-trabalho-e-tema-de-live-no-instragram-da-anamatra\/","title":{"rendered":"Novos pilares para uma economia que contemple o direito ao trabalho \u00e9 tema de \u201clive\u201d no Instragram da Anamatra"},"content":{"rendered":"<p><em><strong>Debate nesta ter\u00e7a (5\/5) com a participa\u00e7\u00e3o da presidente Noemia Porto e da advogada Ana Fraz\u00e3o<\/strong><\/em><\/p>\n<p>A Associa\u00e7\u00e3o Nacional dos Magistrados da Justi\u00e7a do Trabalho (Anamatra) faz, nesta ter\u00e7a (5\/5), em seu perfil no Instagram (@anamatraoficial), \u201clive\u201d com a advogada Ana Fraz\u00e3o, mestre e doutora em Direito e professora da UnB, e com a presidente da entidade, Noemia Porto.<\/p>\n<p>A \u201clive\u201d, que acontece a partir das 19 horas, ter\u00e1 como tema \u201cNovos pilares para economia que contemple o direito ao trabalho\u201d, e abordar\u00e1, entre outros assuntos, os efeitos do isolamento social, provocado pela pandemia do coronav\u00edrus (Covid-19), no mercado de trabalho.<\/p>\n<p>A presidente da Anamatra explica que o di\u00e1logo ser\u00e1 uma oportunidade para discutir as perspectivas de uma regula\u00e7\u00e3o jur\u00eddica para os mercados. \u201cA convidada da Anamatra \u00e9 uma not\u00f3ria especialista no tema. De nossa parte, pretendemos colocar tamb\u00e9m como essa regula\u00e7\u00e3o poderia orientar a quest\u00e3o do direito ao trabalho, como direito fundamental\u201d, destaca.<\/p>\n<p><a href=\"https:\/\/www.instagram.com\/p\/B_xFbmNj7XO\/?igshid=8uheu0zabsff\">instagram<\/a><\/p>\n","protected":false},"excerpt":{"rendered":"<p>Debate nesta ter\u00e7a (5\/5) com a participa\u00e7\u00e3o da presidente Noemia Porto e da advogada Ana Fraz\u00e3o A Associa\u00e7\u00e3o Nacional dos Magistrados da Justi\u00e7a do Trabalho (Anamatra) faz, nesta ter\u00e7a (5\/5), em seu perfil no Instagram (@anamatraoficial), \u201clive\u201d com a advogada Ana Fraz\u00e3o, mestre e doutora em Direito e professora da UnB, e com a presidente da entidade, Noemia Porto. A [&hellip;]<\/p>\n","protected":false},"author":27,"featured_media":0,"comment_status":"open","ping_status":"closed","sticky":false,"template":"","format":"standard","meta":{"footnotes":""},"categories":[2719],"tags":[1408,16896,17256,847,11147,88,17340,2890,14117,17255,6835],"class_list":["post-16040","post","type-post","status-publish","format-standard","hentry","category-servidor","tag-anamatra","tag-coronavirus","tag-covid-19","tag-debate","tag-direito-do-trabalho","tag-economia","tag-isolamento-social","tag-juridica","tag-mercado-de-trabalho","tag-pandemia","tag-regulacao"],"_links":{"self":[{"href":"https:\/\/blogs.correiobraziliense.com.br\/servidor\/wp-json\/wp\/v2\/posts\/16040","targetHints":{"allow":["GET"]}}],"collection":[{"href":"https:\/\/blogs.correiobraziliense.com.br\/servidor\/wp-json\/wp\/v2\/posts"}],"about":[{"href":"https:\/\/blogs.correiobraziliense.com.br\/servidor\/wp-json\/wp\/v2\/types\/post"}],"author":[{"embeddable":true,"href":"https:\/\/blogs.correiobraziliense.com.br\/servidor\/wp-json\/wp\/v2\/users\/27"}],"replies":[{"embeddable":true,"href":"https:\/\/blogs.correiobraziliense.com.br\/servidor\/wp-json\/wp\/v2\/comments?post=16040"}],"version-history":[{"count":3,"href":"https:\/\/blogs.correiobraziliense.com.br\/servidor\/wp-json\/wp\/v2\/posts\/16040\/revisions"}],"predecessor-version":[{"id":16042,"href":"https:\/\/blogs.correiobraziliense.com.br\/servidor\/wp-json\/wp\/v2\/posts\/16040\/revisions\/16042"}],"wp:attachment":[{"href":"https:\/\/blogs.correiobraziliense.com.br\/servidor\/wp-json\/wp\/v2\/media?parent=16040"}],"wp:term":[{"taxonomy":"category","embeddable":true,"href":"https:\/\/blogs.correiobraziliense.com.br\/servidor\/wp-json\/wp\/v2\/categories?post=16040"},{"taxonomy":"post_tag","embeddable":true,"href":"https:\/\/blogs.correiobraziliense.com.br\/servidor\/wp-json\/wp\/v2\/tags?post=16040"}],"curies":[{"name":"wp","href":"https:\/\/api.w.org\/{rel}","templated":true}]}}