{"id":16038,"date":"2020-05-05T11:35:18","date_gmt":"2020-05-05T14:35:18","guid":{"rendered":"https:\/\/blogs.correiobraziliense.com.br\/servidor\/?p=16038"},"modified":"2020-05-05T11:35:18","modified_gmt":"2020-05-05T14:35:18","slug":"1o-de-maio-de-renascimento","status":"publish","type":"post","link":"https:\/\/blogs.correiobraziliense.com.br\/servidor\/1o-de-maio-de-renascimento\/","title":{"rendered":"1\u00ba de Maio de renascimento"},"content":{"rendered":"<p><em><strong>&#8220;Foi um evento movimento, o encontro de um sindicalismo que renasce porque se coloca sintonizado com as necessidades do presente e capaz de reunir for\u00e7as pol\u00edticas, populares e sociais amplas. Encontro de um movimento que constr\u00f3i um novo protagonismo institucional, apresentando a agenda dos trabalhadores como central nos espa\u00e7os de governan\u00e7a p\u00fablica (Congresso Nacional, Governos Estaduais, etc.) e privada (empres\u00e1rios), com interven\u00e7\u00f5es propositivas e afirmativas&#8221;<\/strong><\/em><\/p>\n<p><em><strong>Clemente Ganz L\u00facio<\/strong><\/em><\/p>\n<p>As centrais sindicais foram protagonistas ousadas de um evento inovador de comemora\u00e7\u00e3o do 1\u00ba de maio. Diante da situa\u00e7\u00e3o de isolamento social para enfrentar a pandemia, pela primeira vez foi produzido um evento de 6 horas na internet com conte\u00fado cultural e pol\u00edtico diversificado. A solidariedade foi o eixo articulador da defesa dos empregos e dos sal\u00e1rios, da prote\u00e7\u00e3o dos profissionais da sa\u00fade e dos servi\u00e7os essenciais, da valoriza\u00e7\u00e3o do SUS, da vida, da democracia e de resist\u00eancia aos ataques deferidos pelo governo Bolsonaro contra as institui\u00e7\u00f5es, a sociedade e a vida de todos.<\/p>\n<p>Sucesso total! Esse evento marcou a hist\u00f3ria do sindicalismo no Brasil. No dia 1\u00ba de maio a capa do jornal Folha de S\u00e3o Paulo tratou o evento afirmando que \u201co movimento sindical vive renascimento na crise do coronav\u00edrus\u201d. A cobertura no pr\u00f3prio dia e no seguinte foi ampla e muito favor\u00e1vel. Espa\u00e7os nos jornais da TV \u00e0 tarde e \u00e0 noite, primeira p\u00e1gina nos jornais impressos e destaques nos sites provedores de not\u00edcias, reocupando espa\u00e7os nos editorias de economia e pol\u00edtica.<\/p>\n<p>O evento quase \u201cimposs\u00edvel\u201d pela exiguidade do tempo (sete dias \u00fateis para tudo organizar) se tornou realidade pelo trabalho de muitos e pela capacidade pol\u00edtica de dirigentes comprometidos com a unidade e a diversidade. Em tempo recorde foi produzido um evento de larga envergadura pol\u00edtica e in\u00e9dito desde as Diretas J\u00e1!, encontro agora recepcionado pelo campo sindical. Esse evento, a princ\u00edpio impens\u00e1vel, foi imaginado, concebido e, com muito trabalho, tornou-se realidade, representando a retomada da constru\u00e7\u00e3o da utopia pol\u00edtica.<\/p>\n<p>CUT, For\u00e7a Sindical, UGT, CTB, NCST, CSB, Intersindical, CGTb e P\u00fablica materializaram mais uma vez a decis\u00e3o volunt\u00e1ria de uma constru\u00e7\u00e3o unit\u00e1ria. Abriram corajosamente o campo sindical para recepcionar a presen\u00e7a de posi\u00e7\u00f5es pol\u00edticas divergentes, mas dispostas a uma uni\u00e3o em torno da resist\u00eancia, em defesa do Estado Democr\u00e1tico de Direito, da democracia, da liberdade, elementos que t\u00eam valor inestim\u00e1vel para toda a sociedade.<\/p>\n<p>Mais uma vez os trabalhadores expressaram, como classe, valores que s\u00e3o universais e, por isso, fizeram hist\u00f3ria.<\/p>\n<p>Foram diversas atividades culturais com a participa\u00e7\u00e3o gratuita de artistas ao longo das 6 horas de evento. Dezenas de dirigentes sindicais nacionais e internacionais, representantes de partidos pol\u00edticos, lideran\u00e7as dos movimentos sociais, atores, personalidades, diretores de institui\u00e7\u00f5es e lideran\u00e7as pol\u00edticas como Lula, FHC, Dilma, Ciro Gomes, Marina Silva, Fernando Haddad, Fl\u00e1vio Dino, Manuela D\u2019\u00e1vila, aportaram reflex\u00f5es com conte\u00fado cr\u00edtico e propositivo, todos propugnando a uni\u00e3o em nome dos interesses gerais da sociedade, da defesa do emprego e dos trabalhadores.<\/p>\n<p>Foi um evento movimento, o encontro de um sindicalismo que renasce porque se coloca sintonizado com as necessidades do presente e capaz de reunir for\u00e7as pol\u00edticas, populares e sociais amplas. Encontro de um movimento que constr\u00f3i um novo protagonismo institucional, apresentando a agenda dos trabalhadores como central nos espa\u00e7os de governan\u00e7a p\u00fablica (Congresso Nacional, Governos Estaduais, etc.) e privada (empres\u00e1rios), com interven\u00e7\u00f5es propositivas e afirmativas.<\/p>\n<p><em>*Clemente Ganz L\u00facio<\/em> &#8211;\u00a0 Soci\u00f3logo, assessor das Centrais Sindicais e t\u00e9cnico do Dieese<\/p>\n","protected":false},"excerpt":{"rendered":"<p>&#8220;Foi um evento movimento, o encontro de um sindicalismo que renasce porque se coloca sintonizado com as necessidades do presente e capaz de reunir for\u00e7as pol\u00edticas, populares e sociais amplas. Encontro de um movimento que constr\u00f3i um novo protagonismo institucional, apresentando a agenda dos trabalhadores como central nos espa\u00e7os de governan\u00e7a p\u00fablica (Congresso Nacional, Governos Estaduais, etc.) e privada (empres\u00e1rios), [&hellip;]<\/p>\n","protected":false},"author":27,"featured_media":0,"comment_status":"open","ping_status":"closed","sticky":false,"template":"","format":"standard","meta":{"footnotes":""},"categories":[2719],"tags":[17339,100,4177,11171,566,1508,540,706,630,1295,11990,17452,1198,707,19],"class_list":["post-16038","post","type-post","status-publish","format-standard","hentry","category-servidor","tag-1-de-maio","tag-congresso","tag-empresarios","tag-forcas","tag-governanca","tag-governos","tag-movimento","tag-politicas","tag-populares","tag-privada","tag-protagonismo","tag-renascimento","tag-sindicalismo","tag-sociais","tag-trabalhadores"],"_links":{"self":[{"href":"https:\/\/blogs.correiobraziliense.com.br\/servidor\/wp-json\/wp\/v2\/posts\/16038","targetHints":{"allow":["GET"]}}],"collection":[{"href":"https:\/\/blogs.correiobraziliense.com.br\/servidor\/wp-json\/wp\/v2\/posts"}],"about":[{"href":"https:\/\/blogs.correiobraziliense.com.br\/servidor\/wp-json\/wp\/v2\/types\/post"}],"author":[{"embeddable":true,"href":"https:\/\/blogs.correiobraziliense.com.br\/servidor\/wp-json\/wp\/v2\/users\/27"}],"replies":[{"embeddable":true,"href":"https:\/\/blogs.correiobraziliense.com.br\/servidor\/wp-json\/wp\/v2\/comments?post=16038"}],"version-history":[{"count":1,"href":"https:\/\/blogs.correiobraziliense.com.br\/servidor\/wp-json\/wp\/v2\/posts\/16038\/revisions"}],"predecessor-version":[{"id":16039,"href":"https:\/\/blogs.correiobraziliense.com.br\/servidor\/wp-json\/wp\/v2\/posts\/16038\/revisions\/16039"}],"wp:attachment":[{"href":"https:\/\/blogs.correiobraziliense.com.br\/servidor\/wp-json\/wp\/v2\/media?parent=16038"}],"wp:term":[{"taxonomy":"category","embeddable":true,"href":"https:\/\/blogs.correiobraziliense.com.br\/servidor\/wp-json\/wp\/v2\/categories?post=16038"},{"taxonomy":"post_tag","embeddable":true,"href":"https:\/\/blogs.correiobraziliense.com.br\/servidor\/wp-json\/wp\/v2\/tags?post=16038"}],"curies":[{"name":"wp","href":"https:\/\/api.w.org\/{rel}","templated":true}]}}