{"id":16021,"date":"2020-05-04T13:49:29","date_gmt":"2020-05-04T16:49:29","guid":{"rendered":"https:\/\/blogs.correiobraziliense.com.br\/servidor\/?p=16021"},"modified":"2020-05-04T13:49:29","modified_gmt":"2020-05-04T16:49:29","slug":"fenapef-quer-que-novo-diretor-geral-da-pf-mantenha-o-compromisso-de-autonomia-da-instituicao","status":"publish","type":"post","link":"https:\/\/blogs.correiobraziliense.com.br\/servidor\/fenapef-quer-que-novo-diretor-geral-da-pf-mantenha-o-compromisso-de-autonomia-da-instituicao\/","title":{"rendered":"Fenapef quer que novo diretor-geral da PF mantenha o compromisso de autonomia da institui\u00e7\u00e3o"},"content":{"rendered":"<p><em><strong>Por meio de nota sobre a nomea\u00e7\u00e3o do diretor-geral da Pol\u00edcia Federal, Rolando Souza,\u00a0a Federa\u00e7\u00e3o Nacional dos Policiais Federais (Fenapef) destaca a import\u00e2ncia do di\u00e1logo, da continua\u00e7\u00e3o dos projetos em andamento. da independ\u00eancia das investiga\u00e7\u00f5es criminais e da autonomia investigativa<\/strong><\/em><\/p>\n<p>Veja a nota:<\/p>\n<p>&#8220;Sobre a nomea\u00e7\u00e3o do novo diretor-geral da Pol\u00edcia Federal, a Federa\u00e7\u00e3o Nacional dos Policiais Federais (Fenapef) reafirma seu compromisso de manter a vigil\u00e2ncia em rela\u00e7\u00e3o \u00e0 autonomia das opera\u00e7\u00f5es e dos trabalhos investigativos da Pol\u00edcia Federal.<\/p>\n<p>Com rela\u00e7\u00e3o a Rolando Souza, entende que \u00e9 um nome t\u00e9cnico e preparado para assumir a miss\u00e3o em um momento de muitos desafios. Fenapef espera que Souza reforce a parceria com a entidade e acredita que o novo diretor abra di\u00e1logo para a implementa\u00e7\u00e3o dos projetos que j\u00e1 est\u00e3o em andamento, principalmente a Lei Org\u00e2nica da Pol\u00edcia Federal, que aguarda implementa\u00e7\u00e3o h\u00e1 mais de trinta anos.<\/p>\n<p>A Federa\u00e7\u00e3o Nacional dos Policiais Federais n\u00e3o se furtar\u00e1 \u00e0 defesa intransigente dos trabalhos de investiga\u00e7\u00e3o da Pol\u00edcia Federal e de todos os policiais federais, buscando sempre a melhoria e independ\u00eancia das investiga\u00e7\u00f5es criminais em nosso pa\u00eds. A entidade acredita na moderniza\u00e7\u00e3o da Pol\u00edcia Federal, com porta \u00fanica de entrada, ciclo completo de pol\u00edcia e manuten\u00e7\u00e3o da autonomia investigativa que o \u00f3rg\u00e3o j\u00e1 det\u00e9m, sem interfer\u00eancia pol\u00edtica na atua\u00e7\u00e3o dos policiais federais.<\/p>\n<p>Bras\u00edlia, 4 de maio de 2020<br \/>\nFedera\u00e7\u00e3o Nacional dos Policiais Federais&#8221;<\/p>\n","protected":false},"excerpt":{"rendered":"<p>Por meio de nota sobre a nomea\u00e7\u00e3o do diretor-geral da Pol\u00edcia Federal, Rolando Souza,\u00a0a Federa\u00e7\u00e3o Nacional dos Policiais Federais (Fenapef) destaca a import\u00e2ncia do di\u00e1logo, da continua\u00e7\u00e3o dos projetos em andamento. da independ\u00eancia das investiga\u00e7\u00f5es criminais e da autonomia investigativa Veja a nota: &#8220;Sobre a nomea\u00e7\u00e3o do novo diretor-geral da Pol\u00edcia Federal, a Federa\u00e7\u00e3o Nacional dos Policiais Federais (Fenapef) reafirma [&hellip;]<\/p>\n","protected":false},"author":27,"featured_media":0,"comment_status":"open","ping_status":"closed","sticky":false,"template":"","format":"standard","meta":{"footnotes":""},"categories":[2719],"tags":[1308,881,12043,1133,5006,107,263,1456,9940,307,686,319,1300],"class_list":["post-16021","post","type-post","status-publish","format-standard","hentry","category-servidor","tag-autonomia","tag-compromisso","tag-criminais","tag-dialogo","tag-diretor-geral","tag-fenapef","tag-independencia","tag-investigacoes","tag-investigativa","tag-nomeacao","tag-operacoes","tag-pf","tag-projetos"],"_links":{"self":[{"href":"https:\/\/blogs.correiobraziliense.com.br\/servidor\/wp-json\/wp\/v2\/posts\/16021","targetHints":{"allow":["GET"]}}],"collection":[{"href":"https:\/\/blogs.correiobraziliense.com.br\/servidor\/wp-json\/wp\/v2\/posts"}],"about":[{"href":"https:\/\/blogs.correiobraziliense.com.br\/servidor\/wp-json\/wp\/v2\/types\/post"}],"author":[{"embeddable":true,"href":"https:\/\/blogs.correiobraziliense.com.br\/servidor\/wp-json\/wp\/v2\/users\/27"}],"replies":[{"embeddable":true,"href":"https:\/\/blogs.correiobraziliense.com.br\/servidor\/wp-json\/wp\/v2\/comments?post=16021"}],"version-history":[{"count":1,"href":"https:\/\/blogs.correiobraziliense.com.br\/servidor\/wp-json\/wp\/v2\/posts\/16021\/revisions"}],"predecessor-version":[{"id":16022,"href":"https:\/\/blogs.correiobraziliense.com.br\/servidor\/wp-json\/wp\/v2\/posts\/16021\/revisions\/16022"}],"wp:attachment":[{"href":"https:\/\/blogs.correiobraziliense.com.br\/servidor\/wp-json\/wp\/v2\/media?parent=16021"}],"wp:term":[{"taxonomy":"category","embeddable":true,"href":"https:\/\/blogs.correiobraziliense.com.br\/servidor\/wp-json\/wp\/v2\/categories?post=16021"},{"taxonomy":"post_tag","embeddable":true,"href":"https:\/\/blogs.correiobraziliense.com.br\/servidor\/wp-json\/wp\/v2\/tags?post=16021"}],"curies":[{"name":"wp","href":"https:\/\/api.w.org\/{rel}","templated":true}]}}