{"id":16016,"date":"2020-05-04T12:23:31","date_gmt":"2020-05-04T15:23:31","guid":{"rendered":"https:\/\/blogs.correiobraziliense.com.br\/servidor\/?p=16016"},"modified":"2020-05-04T12:23:31","modified_gmt":"2020-05-04T15:23:31","slug":"tcu-debate-os-impactos-da-pandemia-nos-setores-de-infraestrutura","status":"publish","type":"post","link":"https:\/\/blogs.correiobraziliense.com.br\/servidor\/tcu-debate-os-impactos-da-pandemia-nos-setores-de-infraestrutura\/","title":{"rendered":"TCU debate os impactos da pandemia nos setores de infraestrutura"},"content":{"rendered":"<p><em><strong>Ao todo, ser\u00e3o quatro webin\u00e1rios com foco nos desafios relacionados \u00e0 crise da Covid-19. As inscri\u00e7\u00f5es est\u00e3o abertas a todos os interessados.\u00a0Os dois primeiros debates ser\u00e3o sobre \u201cos impactos da pandemia nos setores da infraestrutura e as medidas para o saneamento e a retomada dos investimentos\u201d<\/strong><\/em><\/p>\n<p><img loading=\"lazy\" decoding=\"async\" class=\"alignright size-full wp-image-16017\" src=\"https:\/\/blogs.correiobraziliense.com.br\/servidor\/wp-content\/uploads\/sites\/10\/2020\/05\/webin\u00e1rios-TCU.jpg\" alt=\"\" width=\"875\" height=\"500\" \/><\/p>\n<p>O Grupo Tem\u00e1tico de Infraestrutura do Centro de Altos Estudos em Controle e Administra\u00e7\u00e3o P\u00fablica (Cecap), iniciativa do Tribunal de Contas da Uni\u00e3o (TCU), promove, entre os dias 5 e 14 de maio, uma s\u00e9rie de quatro debates virtuais (webin\u00e1rios) sobre os desafios da pandemia da Covid-19 para os setores de infraestrutura do pa\u00eds. Os webin\u00e1rios fazem parte do <a href=\"https:\/\/portal.tcu.gov.br\/main.jsp?lumPageId=8A81881F66FA03E90166FA0A1BFA1F58&amp;previewItemId=8A81881E7197622F0171AE0EA0CA1344&amp;lumItemId=8A81881E7197622F0171AE0EA0EF1345\" target=\"_blank\" rel=\"noopener\"><strong>Programa Coopera<\/strong>, a\u00e7\u00e3o especial do TCU criada para o enfrentamento do problema<\/a>. As inscri\u00e7\u00f5es s\u00e3o abertas a todos os interessados.<\/p>\n<p>Os dois primeiros debates ser\u00e3o sobre \u201cos impactos da pandemia nos setores da infraestrutura e as medidas para o saneamento e a retomada dos investimentos\u201d. Na ter\u00e7a-feira (5\/5), a discuss\u00e3o ser\u00e1 sobre o setor de transportes e ter\u00e1 como debatedores o ministro de Infraestrutura, Tarc\u00edsio de Freitas, o ministro do TCU Bruno Dantas e o deputado federal Arnaldo Jardim. J\u00e1 no segundo webinar, no dia 7\/5, o foco ser\u00e1 o setor energ\u00e9tico, com a participa\u00e7\u00e3o do ministro de Minas e Energia, Bento Albuquerque, e do ministro do TCU Benjamin Zymler. O presidente do Tribunal, ministro Jos\u00e9 Mucio Monteiro, far\u00e1 a abertura dos dois primeiros encontros.<\/p>\n<p>Nos dias 12 e 14\/5, as discuss\u00f5es abordar\u00e3o aspectos t\u00e9cnicos relativos ao reequil\u00edbrio econ\u00f4mico-financeiro dos contratos no setor de infraestrutura. Nesses dias, ser\u00e3o convidados especialistas dos minist\u00e9rios gestores e de ag\u00eancias reguladoras para debaterem com representantes da iniciativa privada e da academia.<\/p>\n<p>Todos os debates ter\u00e3o a dura\u00e7\u00e3o m\u00e1xima de duas horas, sendo permitido o encaminhamento de perguntas aos participantes. As inscri\u00e7\u00f5es para cada dia de discuss\u00e3o podem ser realizadas separadamente na p\u00e1gina <a href=\"https:\/\/portal.tcu.gov.br\/eventos\/lista-de-eventos\/webinarios-debates-sobre-medidas-emergenciais-no-setor-de-infraestrutura.htm.\">https:\/\/portal.tcu.gov.br\/eventos\/lista-de-eventos\/webinarios-debates-sobre-medidas-emergenciais-no-setor-de-infraestrutura.htm<\/a>.<\/p>\n<p>Os eventos ser\u00e3o transmitidos pelo canal oficial do TCU no YouTube (o link de cada webin\u00e1rio ser\u00e1 enviado assim que confirmada a inscri\u00e7\u00e3o).<\/p>\n<h3 align=\"center\"><strong><a href=\"https:\/\/portal.tcu.gov.br\/eventos\/lista-de-eventos\/webinarios-debates-sobre-medidas-emergenciais-no-setor-de-infraestrutura.htm\" target=\"_blank\" rel=\"noopener\">Acesse a programa\u00e7\u00e3o e inscreva-se<\/a><\/strong><\/h3>\n<h3 style=\"text-align: left\" align=\"center\">CECAP<\/h3>\n<p>O Centro de Altos Estudos em Controle e Administra\u00e7\u00e3o P\u00fablica (CECAP) foi implementado em 2017, com a fun\u00e7\u00e3o de apoiar o TCU na produ\u00e7\u00e3o e dissemina\u00e7\u00e3o de conhecimentos relevantes para a atua\u00e7\u00e3o do controle externo, de forma a contribuir com a miss\u00e3o do Tribunal de aprimorar a administra\u00e7\u00e3o p\u00fablica em benef\u00edcio da sociedade.<\/p>\n<p>O Centro representa uma estrutura potencializadora da capacidade de escuta institucional em rela\u00e7\u00e3o \u00e0s necessidades da sociedade e \u00e0s possibilidades de aperfei\u00e7oamento da atua\u00e7\u00e3o do controle externo.<\/p>\n<p>Acompanhe o TCU pelo Twitter e pelo Facebook. Para reclama\u00e7\u00f5es sobre uso irregular de recursos p\u00fablicos federais, entre em contato com a Ouvidoria do TCU, clique aqui ou ligue para 0800-6441500<\/p>\n","protected":false},"excerpt":{"rendered":"<p>Ao todo, ser\u00e3o quatro webin\u00e1rios com foco nos desafios relacionados \u00e0 crise da Covid-19. As inscri\u00e7\u00f5es est\u00e3o abertas a todos os interessados.\u00a0Os dois primeiros debates ser\u00e3o sobre \u201cos impactos da pandemia nos setores da infraestrutura e as medidas para o saneamento e a retomada dos investimentos\u201d O Grupo Tem\u00e1tico de Infraestrutura do Centro de Altos Estudos em Controle e Administra\u00e7\u00e3o [&hellip;]<\/p>\n","protected":false},"author":27,"featured_media":0,"comment_status":"open","ping_status":"closed","sticky":false,"template":"","format":"standard","meta":{"footnotes":""},"categories":[2719],"tags":[250,17256,847,1845,4523,487,781,1008,17255,17444,3516,17445,5818,635,4158,912],"class_list":["post-16016","post","type-post","status-publish","format-standard","hentry","category-servidor","tag-contratos","tag-covid-19","tag-debate","tag-desafios","tag-impactos","tag-infraestrutura","tag-inscricoes","tag-investimentos","tag-pandemia","tag-programa-coopera","tag-saneamento","tag-setor-energetico","tag-setores","tag-tcu","tag-transportes","tag-youtube"],"_links":{"self":[{"href":"https:\/\/blogs.correiobraziliense.com.br\/servidor\/wp-json\/wp\/v2\/posts\/16016","targetHints":{"allow":["GET"]}}],"collection":[{"href":"https:\/\/blogs.correiobraziliense.com.br\/servidor\/wp-json\/wp\/v2\/posts"}],"about":[{"href":"https:\/\/blogs.correiobraziliense.com.br\/servidor\/wp-json\/wp\/v2\/types\/post"}],"author":[{"embeddable":true,"href":"https:\/\/blogs.correiobraziliense.com.br\/servidor\/wp-json\/wp\/v2\/users\/27"}],"replies":[{"embeddable":true,"href":"https:\/\/blogs.correiobraziliense.com.br\/servidor\/wp-json\/wp\/v2\/comments?post=16016"}],"version-history":[{"count":1,"href":"https:\/\/blogs.correiobraziliense.com.br\/servidor\/wp-json\/wp\/v2\/posts\/16016\/revisions"}],"predecessor-version":[{"id":16018,"href":"https:\/\/blogs.correiobraziliense.com.br\/servidor\/wp-json\/wp\/v2\/posts\/16016\/revisions\/16018"}],"wp:attachment":[{"href":"https:\/\/blogs.correiobraziliense.com.br\/servidor\/wp-json\/wp\/v2\/media?parent=16016"}],"wp:term":[{"taxonomy":"category","embeddable":true,"href":"https:\/\/blogs.correiobraziliense.com.br\/servidor\/wp-json\/wp\/v2\/categories?post=16016"},{"taxonomy":"post_tag","embeddable":true,"href":"https:\/\/blogs.correiobraziliense.com.br\/servidor\/wp-json\/wp\/v2\/tags?post=16016"}],"curies":[{"name":"wp","href":"https:\/\/api.w.org\/{rel}","templated":true}]}}