{"id":16011,"date":"2020-05-04T11:26:11","date_gmt":"2020-05-04T14:26:11","guid":{"rendered":"https:\/\/blogs.correiobraziliense.com.br\/servidor\/?p=16011"},"modified":"2020-05-04T11:31:28","modified_gmt":"2020-05-04T14:31:28","slug":"funpresp-jud-faz-live-com-mae-de-sete-em-homenagem-ao-dia-das-maes","status":"publish","type":"post","link":"https:\/\/blogs.correiobraziliense.com.br\/servidor\/funpresp-jud-faz-live-com-mae-de-sete-em-homenagem-ao-dia-das-maes\/","title":{"rendered":"Funpresp-Jud faz live com M\u00e3e de Sete em homenagem ao Dia das M\u00e3es"},"content":{"rendered":"<p><em><strong>Em homenagem ao Dia das M\u00e3es, a Funpresp-Jud (fundo de previd\u00eancia complementar dos servidores do Judici\u00e1rio) far\u00e1 uma live com Julyana Mendes, conhecida nas redes sociais como \u201cM\u00e3e de Sete\u201d. Ser\u00e1 no dia 7 de maio (quinta-feira), \u00e0s 16 horas, pelo canal da Funda\u00e7\u00e3o no Youtube ww.youtube.com\/funprespjud.\u00a0O tema ser\u00e1 &#8220;Fam\u00edlia em Quarentena: como ensinar o valor do dinheiro aos filhos?&#8221;<\/strong><\/em><\/p>\n<p><img loading=\"lazy\" decoding=\"async\" class=\"alignright size-large wp-image-16013\" src=\"https:\/\/blogs.correiobraziliense.com.br\/servidor\/wp-content\/uploads\/sites\/10\/2020\/05\/live_dia_maes_facebook-1-1024x768.jpg\" alt=\"\" width=\"1024\" height=\"768\" \/><\/p>\n<p>Perguntas poder\u00e3o ser enviadas antecipadamente pelo e-mail: sap@funprespjud.com.br. A live ser\u00e1 aberta aos participantes do plano de benef\u00edcios JusMP-Prev, aos empregados da fun\u00e7\u00e3o e ao p\u00fablico em geral.<\/p>\n<p>Engenheira Civil por forma\u00e7\u00e3o, h\u00e1 alguns anos Julyana escolheu ficar mais tempo com os filhos e passou a compartilhar as experi\u00eancias da maternidade com outras m\u00e3es, pais, educadores e cuidadores, fruto dos seus estudos na \u00e1rea da parentalidade. Atualmente, \u00e9 colunista da revista Crescer, da Editora Globo.<\/p>\n<p>Por meio das redes sociais, Julyana se comunica com milhares de pessoas. Apenas no Instagram (@maedesete), s\u00e3o 350 mil seguidores. Em suas publica\u00e7\u00f5es, a M\u00e3e de Sete mostra o seu dia a dia e compartilha os in\u00fameros desafios que encontra para educar e apoiar os filhos, que t\u00eam idades variadas e demandas bem diferentes.<\/p>\n<p><strong>Sobre a Funpresp-Jud<\/strong><\/p>\n<p>A Funda\u00e7\u00e3o de Previd\u00eancia Complementar do Servidor P\u00fablico Federal do Poder Judici\u00e1rio (Funpresp-Jud) foi criada pela Resolu\u00e7\u00e3o STF n\u00ba 496, de 25\/10\/2012, com a finalidade de administrar e executar planos de benef\u00edcios de car\u00e1ter previdenci\u00e1rio para os membros e os servidores p\u00fablicos titulares de cargo efetivo do Poder Judici\u00e1rio da Uni\u00e3o, do Minist\u00e9rio P\u00fablico da Uni\u00e3o e do Conselho Nacional do Minist\u00e9rio P\u00fablico. \u00c9 uma entidade fechada, sem fins lucrativos e com autonomia administrativa, financeira e gerencial, nos termos da Lei n\u00ba 12.618, de 30\/4\/2012.<\/p>\n<p><strong>Servi\u00e7o:<\/strong><\/p>\n<p>Data: 7\/05 (quinta-feira)<\/p>\n<p>Hor\u00e1rio: 16h<\/p>\n<p>Canal: www.youtube.com\/funprespjud<\/p>\n<p>Perguntas: sap@funprespjud.com.br<\/p>\n","protected":false},"excerpt":{"rendered":"<p>Em homenagem ao Dia das M\u00e3es, a Funpresp-Jud (fundo de previd\u00eancia complementar dos servidores do Judici\u00e1rio) far\u00e1 uma live com Julyana Mendes, conhecida nas redes sociais como \u201cM\u00e3e de Sete\u201d. Ser\u00e1 no dia 7 de maio (quinta-feira), \u00e0s 16 horas, pelo canal da Funda\u00e7\u00e3o no Youtube ww.youtube.com\/funprespjud.\u00a0O tema ser\u00e1 &#8220;Fam\u00edlia em Quarentena: como ensinar o valor do dinheiro aos filhos?&#8221; [&hellip;]<\/p>\n","protected":false},"author":27,"featured_media":0,"comment_status":"open","ping_status":"closed","sticky":false,"template":"","format":"standard","meta":{"footnotes":""},"categories":[2719],"tags":[852,558,15125,374,891,2626,4458,12448,64,17341,17443,1669,2487,241,1083,774,912],"class_list":["post-16011","post","type-post","status-publish","format-standard","hentry","category-servidor","tag-beneficios","tag-canal","tag-dia-das-maes","tag-dinheiro","tag-empregados","tag-filhos","tag-fundo","tag-funpresp-jud","tag-judiciario","tag-live","tag-mae-de-sete","tag-participantes","tag-previdencia-complementar","tag-publico","tag-redes-sociais","tag-valor","tag-youtube"],"_links":{"self":[{"href":"https:\/\/blogs.correiobraziliense.com.br\/servidor\/wp-json\/wp\/v2\/posts\/16011","targetHints":{"allow":["GET"]}}],"collection":[{"href":"https:\/\/blogs.correiobraziliense.com.br\/servidor\/wp-json\/wp\/v2\/posts"}],"about":[{"href":"https:\/\/blogs.correiobraziliense.com.br\/servidor\/wp-json\/wp\/v2\/types\/post"}],"author":[{"embeddable":true,"href":"https:\/\/blogs.correiobraziliense.com.br\/servidor\/wp-json\/wp\/v2\/users\/27"}],"replies":[{"embeddable":true,"href":"https:\/\/blogs.correiobraziliense.com.br\/servidor\/wp-json\/wp\/v2\/comments?post=16011"}],"version-history":[{"count":3,"href":"https:\/\/blogs.correiobraziliense.com.br\/servidor\/wp-json\/wp\/v2\/posts\/16011\/revisions"}],"predecessor-version":[{"id":16015,"href":"https:\/\/blogs.correiobraziliense.com.br\/servidor\/wp-json\/wp\/v2\/posts\/16011\/revisions\/16015"}],"wp:attachment":[{"href":"https:\/\/blogs.correiobraziliense.com.br\/servidor\/wp-json\/wp\/v2\/media?parent=16011"}],"wp:term":[{"taxonomy":"category","embeddable":true,"href":"https:\/\/blogs.correiobraziliense.com.br\/servidor\/wp-json\/wp\/v2\/categories?post=16011"},{"taxonomy":"post_tag","embeddable":true,"href":"https:\/\/blogs.correiobraziliense.com.br\/servidor\/wp-json\/wp\/v2\/tags?post=16011"}],"curies":[{"name":"wp","href":"https:\/\/api.w.org\/{rel}","templated":true}]}}