{"id":16003,"date":"2020-04-30T18:13:45","date_gmt":"2020-04-30T21:13:45","guid":{"rendered":"https:\/\/blogs.correiobraziliense.com.br\/servidor\/?p=16003"},"modified":"2020-04-30T18:13:45","modified_gmt":"2020-04-30T21:13:45","slug":"tst-prorroga-trabalho-remoto-para-seus-servidores","status":"publish","type":"post","link":"https:\/\/blogs.correiobraziliense.com.br\/servidor\/tst-prorroga-trabalho-remoto-para-seus-servidores\/","title":{"rendered":"TST  prorroga trabalho remoto para seus servidores"},"content":{"rendered":"<p><em><strong>No of\u00edcio, a presidente Maria Cristina Peduzzi informa que o texto consolida e uniformiza, no Tribunal\u00a0<\/strong><\/em><em><strong>Superior do Trabalho (TST), a regulamenta\u00e7\u00e3o do\u00a0trabalho remoto tempor\u00e1rio, o funcionamento\u00a0dos servi\u00e7os judici\u00e1rios n\u00e3o presenciais e as\u00a0sess\u00f5es de julgamento telepresenciais, com o objetivo de prevenir o\u00a0conta\u0301gio pelo novo Coronavi\u0301rus (Covid-19), al\u00e9m de garantir o acesso a\u0300 justic\u0327a<\/strong><\/em><\/p>\n<p>O documento n\u00e3o estipula prazo para a vig\u00eancia do trabalho remoto no TST.\u00a0 Diz apenas que\u00a0est\u00e1 &#8220;vedado o expediente presencial&#8221; para todos, com exce\u00e7\u00e3o dos\u00a0servi\u00e7os de seguran\u00e7a, tecnologia da informa\u00e7\u00e3o e\u00a0comunica\u00e7\u00f5es, comunica\u00e7\u00e3o institucional e sa\u00fade &#8211; manter\u00e3o em servi\u00e7o presencial o pessoal\u00a0estritamente necess\u00e1rio.<\/p>\n<p>&#8220;O descumprimento deste ato, assim como de determina\u00e7\u00f5es do Poder\u00a0Executivo nacional e local, estar\u00e1 sujeito \u00e0 posterior apura\u00e7\u00e3o de responsabilidade\u00a0administrativa e, se for o caso, \u00e0 comunica\u00e7\u00e3o ao Minist\u00e9rio P\u00fablico para apura\u00e7\u00e3o de\u00a0eventual responsabilidade penal&#8221;, afirma o of\u00edcio.<\/p>\n<p>Entre as regras, o TST determina que os gestores das unidades estabelecer\u00e3o procedimentos para que os\u00a0servi\u00e7os sejam prestados por meio do regime de trabalho remoto tempor\u00e1rio.\u00a0As atividades incompat\u00edveis com o trabalho remoto dever\u00e3o ter sua\u00a0presta\u00e7\u00e3o compensada posteriormente. Ser\u00e1 providenciado um\u00a0protocolo de atendimento espec\u00edfico para auxiliar\u00a0os servidores a instalarem e utilizarem os sistemas do Tribunal em suas m\u00e1quinas pessoais.<\/p>\n<p>Est\u00e1 dispensado o ponto eletr\u00f4nico mediante registro biom\u00e9trico, devendo\u00a0o cumprimento da jornada ser atestado pelo gestor da unidade, mediante a execu\u00e7\u00e3o das\u00a0atividades determinadas.\u00a0As Secretarias est\u00e3o autorizadas a expedir atos pr\u00f3prios definindo\u00a0protocolos, rotinas e prioridades para manter os servi\u00e7os e atividades das unidades. E a\u00a0comunicac\u0327a\u0303o de advogados, partes e membros do Minist\u00e9rio Pu\u0301blico\u00a0com servidores e ministros sera\u0301 por meio telefo\u0302nico ou eletro\u0302nico, inclusive quanto ao<br \/>\nprotocolo de petic\u0327o\u0303es e pra\u0301tica de outros atos processuais, observado o expediente forense<br \/>\nregular,<\/p>\n<p>&nbsp;<\/p>\n","protected":false},"excerpt":{"rendered":"<p>No of\u00edcio, a presidente Maria Cristina Peduzzi informa que o texto consolida e uniformiza, no Tribunal\u00a0Superior do Trabalho (TST), a regulamenta\u00e7\u00e3o do\u00a0trabalho remoto tempor\u00e1rio, o funcionamento\u00a0dos servi\u00e7os judici\u00e1rios n\u00e3o presenciais e as\u00a0sess\u00f5es de julgamento telepresenciais, com o objetivo de prevenir o\u00a0conta\u0301gio pelo novo Coronavi\u0301rus (Covid-19), al\u00e9m de garantir o acesso a\u0300 justic\u0327a O documento n\u00e3o estipula prazo para a vig\u00eancia [&hellip;]<\/p>\n","protected":false},"author":27,"featured_media":0,"comment_status":"open","ping_status":"closed","sticky":false,"template":"","format":"standard","meta":{"footnotes":""},"categories":[2719],"tags":[463,9402,16896,17256,4384,260,1788,927,208,58,4504,2784,17259,503],"class_list":["post-16003","post","type-post","status-publish","format-standard","hentry","category-servidor","tag-atividades","tag-comunicacoes","tag-coronavirus","tag-covid-19","tag-gestores","tag-justica","tag-presencial","tag-procedimentos","tag-seguranca","tag-servidores","tag-tecnologia","tag-temporario","tag-trabalho-remoto","tag-tst"],"_links":{"self":[{"href":"https:\/\/blogs.correiobraziliense.com.br\/servidor\/wp-json\/wp\/v2\/posts\/16003","targetHints":{"allow":["GET"]}}],"collection":[{"href":"https:\/\/blogs.correiobraziliense.com.br\/servidor\/wp-json\/wp\/v2\/posts"}],"about":[{"href":"https:\/\/blogs.correiobraziliense.com.br\/servidor\/wp-json\/wp\/v2\/types\/post"}],"author":[{"embeddable":true,"href":"https:\/\/blogs.correiobraziliense.com.br\/servidor\/wp-json\/wp\/v2\/users\/27"}],"replies":[{"embeddable":true,"href":"https:\/\/blogs.correiobraziliense.com.br\/servidor\/wp-json\/wp\/v2\/comments?post=16003"}],"version-history":[{"count":1,"href":"https:\/\/blogs.correiobraziliense.com.br\/servidor\/wp-json\/wp\/v2\/posts\/16003\/revisions"}],"predecessor-version":[{"id":16004,"href":"https:\/\/blogs.correiobraziliense.com.br\/servidor\/wp-json\/wp\/v2\/posts\/16003\/revisions\/16004"}],"wp:attachment":[{"href":"https:\/\/blogs.correiobraziliense.com.br\/servidor\/wp-json\/wp\/v2\/media?parent=16003"}],"wp:term":[{"taxonomy":"category","embeddable":true,"href":"https:\/\/blogs.correiobraziliense.com.br\/servidor\/wp-json\/wp\/v2\/categories?post=16003"},{"taxonomy":"post_tag","embeddable":true,"href":"https:\/\/blogs.correiobraziliense.com.br\/servidor\/wp-json\/wp\/v2\/tags?post=16003"}],"curies":[{"name":"wp","href":"https:\/\/api.w.org\/{rel}","templated":true}]}}