{"id":1599,"date":"2016-04-27T14:49:17","date_gmt":"2016-04-27T17:49:17","guid":{"rendered":"https:\/\/blogs.correiobraziliense.com.br\/servidor\/?p=1599"},"modified":"2016-04-27T14:49:17","modified_gmt":"2016-04-27T17:49:17","slug":"ministerio-da-fazenda-notas-tecnicas-mostram-repercussao-financeira-da-lc-148","status":"publish","type":"post","link":"https:\/\/blogs.correiobraziliense.com.br\/servidor\/ministerio-da-fazenda-notas-tecnicas-mostram-repercussao-financeira-da-lc-148\/","title":{"rendered":"MINIST\u00c9RIO DA FAZENDA &#8211; NOTAS T\u00c9CNICAS MOSTRAM REPERCUSS\u00c3O FINANCEIRA DA LC 148"},"content":{"rendered":"<p><i><span style=\"font-size: 14pt;font-family: Arial, sans-serif;color: windowtext;line-height: 14.15pt\">Estudo analisa a evolu\u00e7\u00e3o das despesas dos estados e demonstram acelera\u00e7\u00e3o nos gastos com pessoal<\/span><\/i><\/p>\n<p>O Minist\u00e9rio da Fazenda informou que <span style=\"font-size: 12pt;font-family: Arial, sans-serif;font-weight: normal;color: #000000;text-align: justify;line-height: 150%\">divulga hoje (27\/4) duas notas t\u00e9cnicas com an\u00e1lise de dados da d\u00edvida dos Estados e do Distrito Federal com a Uni\u00e3o. A primeira nota demonstra as repercuss\u00f5es financeiras do atual est\u00e1gio da Lei Complementar n\u00ba 148\/2014. A Fazenda esclarece que v\u00e1rios entes, inclusive alguns dos que est\u00e3o contestando a legisla\u00e7\u00e3o no Supremo Tribunal Federal (STF), j\u00e1 aderiram \u00e0s repactua\u00e7\u00f5es de acordo com os normativos em vigor. Uma tabela detalha o impacto da lei na d\u00edvida dos munic\u00edpios.<\/span><\/p>\n<p>A segunda nota t\u00e9cnica traz uma an\u00e1lise da evolu\u00e7\u00e3o das despesas dos Estados e demonstra uma forte acelera\u00e7\u00e3o dos gastos com folha de pagamento que se contrap\u00f5e \u00e0 estabilidade da despesa com o servi\u00e7o das d\u00edvidas. A an\u00e1lise demonstra que a despesa com pessoal contribui significativamente para a deteriora\u00e7\u00e3o das contas p\u00fablicas estaduais.<\/p>\n<p>Ontem (26\/4), a Fazenda divulgou uma nota sobre o Impacto total da liminar concedida pelo STF a Santa Catarina. Os dados atualizados levam em conta o estoque da d\u00edvida at\u00e9 dezembro de 2015 e apontam que o impacto nas contas da Uni\u00e3o pela ado\u00e7\u00e3o de juros simples seria de R$ 402,3 bilh\u00f5es.<\/p>\n","protected":false},"excerpt":{"rendered":"<p>Estudo analisa a evolu\u00e7\u00e3o das despesas dos estados e demonstram acelera\u00e7\u00e3o nos gastos com pessoal O Minist\u00e9rio da Fazenda informou que divulga hoje (27\/4) duas notas t\u00e9cnicas com an\u00e1lise de dados da d\u00edvida dos Estados e do Distrito Federal com a Uni\u00e3o. A primeira nota demonstra as repercuss\u00f5es financeiras do atual est\u00e1gio da Lei Complementar n\u00ba 148\/2014. A Fazenda esclarece [&hellip;]<\/p>\n","protected":false},"author":27,"featured_media":0,"comment_status":"open","ping_status":"closed","sticky":false,"template":"","format":"standard","meta":{"footnotes":""},"categories":[1],"tags":[1148,1247,943,1807,1971,810,1968,1972,1970,1969],"class_list":["post-1599","post","type-post","status-publish","format-standard","hentry","category-sem-categoria","tag-1148","tag-dividas","tag-estados","tag-financeira","tag-lc-148","tag-ministerio-da-fazenda","tag-notas","tag-repactuacoes","tag-repercussao","tag-tecnicas"],"_links":{"self":[{"href":"https:\/\/blogs.correiobraziliense.com.br\/servidor\/wp-json\/wp\/v2\/posts\/1599","targetHints":{"allow":["GET"]}}],"collection":[{"href":"https:\/\/blogs.correiobraziliense.com.br\/servidor\/wp-json\/wp\/v2\/posts"}],"about":[{"href":"https:\/\/blogs.correiobraziliense.com.br\/servidor\/wp-json\/wp\/v2\/types\/post"}],"author":[{"embeddable":true,"href":"https:\/\/blogs.correiobraziliense.com.br\/servidor\/wp-json\/wp\/v2\/users\/27"}],"replies":[{"embeddable":true,"href":"https:\/\/blogs.correiobraziliense.com.br\/servidor\/wp-json\/wp\/v2\/comments?post=1599"}],"version-history":[{"count":1,"href":"https:\/\/blogs.correiobraziliense.com.br\/servidor\/wp-json\/wp\/v2\/posts\/1599\/revisions"}],"predecessor-version":[{"id":1600,"href":"https:\/\/blogs.correiobraziliense.com.br\/servidor\/wp-json\/wp\/v2\/posts\/1599\/revisions\/1600"}],"wp:attachment":[{"href":"https:\/\/blogs.correiobraziliense.com.br\/servidor\/wp-json\/wp\/v2\/media?parent=1599"}],"wp:term":[{"taxonomy":"category","embeddable":true,"href":"https:\/\/blogs.correiobraziliense.com.br\/servidor\/wp-json\/wp\/v2\/categories?post=1599"},{"taxonomy":"post_tag","embeddable":true,"href":"https:\/\/blogs.correiobraziliense.com.br\/servidor\/wp-json\/wp\/v2\/tags?post=1599"}],"curies":[{"name":"wp","href":"https:\/\/api.w.org\/{rel}","templated":true}]}}