{"id":15980,"date":"2020-04-30T13:07:08","date_gmt":"2020-04-30T16:07:08","guid":{"rendered":"https:\/\/blogs.correiobraziliense.com.br\/servidor\/?p=15980"},"modified":"2020-04-30T13:07:08","modified_gmt":"2020-04-30T16:07:08","slug":"stf-acerta-ao-abrir-inquerito-contra-weintraub-por-racismo-afirmam-especialistas","status":"publish","type":"post","link":"https:\/\/blogs.correiobraziliense.com.br\/servidor\/stf-acerta-ao-abrir-inquerito-contra-weintraub-por-racismo-afirmam-especialistas\/","title":{"rendered":"STF acerta ao abrir  inqu\u00e9rito contra Weintraub por racismo, afirmam especialistas"},"content":{"rendered":"<p><em><strong>O ministro do Supremo Tribunal Federal (STF) Celso de Mello determinou, ontem (28) a abertura de inqu\u00e9rito contra o ministro da Educa\u00e7\u00e3o, Abraham Weintraub, por pr\u00e1tica de racismo contra o povo chin\u00eas. O pedido foi feito pela Procuradoria-Geral da Rep\u00fablica<\/strong><\/em><\/p>\n<p>No in\u00edcio de abril, em uma postagem no Twitter, Weintraub insinuou que a Covid-19 seria parte de um plano da China para se beneficiar economicamente. Ele tamb\u00e9m utilizou o personagem Cebolinha, da Turma da M\u00f4nica, para ridicularizar o sotaque de asi\u00e1ticos. Ap\u00f3s a repercuss\u00e3o negativa, o ministro apagou a publica\u00e7\u00e3o e negou ser racista.<\/p>\n<p>No entender do advogado constitucionalista Alexandre Fidalgo, s\u00f3cio titular do Fidalgo Advogados, a fala do ministro da Educa\u00e7\u00e3o \u00e9 motivo de vergonha para todos os brasileiros. \u201cE constitui, em tese, crime de racismo, na medida em que estabeleceu diferen\u00e7as de ra\u00e7as, estigmatizando uma a que reputa inferior ou dotada da inten\u00e7\u00e3o de \u2018dominar \u2013 diga-se, destruir &#8211; o mundo \u2013, os outros povos, as outras ra\u00e7as\u2019, propondo com isso a abomina\u00e7\u00e3o e a persegui\u00e7\u00e3o do povo chin\u00eas\u201d, enfatiza.<\/p>\n<p>Andr\u00e9 Damiani, criminalista e s\u00f3cio fundador do Damiani Sociedade de Advogados, alerta que liberdade de express\u00e3o n\u00e3o se confunde com o crime de apologia ao racismo (art. 20 da Lei 7.716\/1989). \u201cO STF tem o dever de investigar, especialmente quando o preconceito emana de um ministro de Estado. A Constitui\u00e7\u00e3o Federal repele qualquer tipo de ideal segregacionista\u201d, argumenta.<\/p>\n<p>Ju\u00edza federal por 14 anos no TRF-3, Cecilia Mello, s\u00f3cia do Cecilia Mello Advogados e especialista em Direito Administrativo e Penal Empresarial, diz que se trata apenas de instaura\u00e7\u00e3o de inqu\u00e9rito, portanto o objetivo \u00e9 a investiga\u00e7\u00e3o pr\u00e9via dos fatos para que se avalie a autoria e a materialidade do crime de racismo.<\/p>\n<p>\u201cIndependentemente de quem seja o investigado, parece extremamente relevante que o Judici\u00e1rio busque frear esse tipo de atitude, punindo, se for o caso, sob pena de retornarmos \u00e0 banaliza\u00e7\u00e3o de comportamentos discriminat\u00f3rios e racistas, em verdadeiro retrocesso, e que n\u00e3o cabem mais na sociedade\u201d, opina.<\/p>\n","protected":false},"excerpt":{"rendered":"<p>O ministro do Supremo Tribunal Federal (STF) Celso de Mello determinou, ontem (28) a abertura de inqu\u00e9rito contra o ministro da Educa\u00e7\u00e3o, Abraham Weintraub, por pr\u00e1tica de racismo contra o povo chin\u00eas. O pedido foi feito pela Procuradoria-Geral da Rep\u00fablica No in\u00edcio de abril, em uma postagem no Twitter, Weintraub insinuou que a Covid-19 seria parte de um plano da [&hellip;]<\/p>\n","protected":false},"author":27,"featured_media":0,"comment_status":"open","ping_status":"closed","sticky":false,"template":"","format":"standard","meta":{"footnotes":""},"categories":[2719],"tags":[15488,17433,17430,16904,6601,16896,17256,3416,4413,17255,548,615,17434,1979,17432,34,17431,6579],"class_list":["post-15980","post","type-post","status-publish","format-standard","hentry","category-servidor","tag-abraham-weintraub","tag-asiaticos","tag-cebolinha","tag-china","tag-chines","tag-coronavirus","tag-covid-19","tag-crime","tag-inquerito","tag-pandemia","tag-pgr","tag-plano","tag-racas","tag-racismo","tag-sotaque","tag-stf","tag-turma-da-monica","tag-vergonha"],"_links":{"self":[{"href":"https:\/\/blogs.correiobraziliense.com.br\/servidor\/wp-json\/wp\/v2\/posts\/15980","targetHints":{"allow":["GET"]}}],"collection":[{"href":"https:\/\/blogs.correiobraziliense.com.br\/servidor\/wp-json\/wp\/v2\/posts"}],"about":[{"href":"https:\/\/blogs.correiobraziliense.com.br\/servidor\/wp-json\/wp\/v2\/types\/post"}],"author":[{"embeddable":true,"href":"https:\/\/blogs.correiobraziliense.com.br\/servidor\/wp-json\/wp\/v2\/users\/27"}],"replies":[{"embeddable":true,"href":"https:\/\/blogs.correiobraziliense.com.br\/servidor\/wp-json\/wp\/v2\/comments?post=15980"}],"version-history":[{"count":1,"href":"https:\/\/blogs.correiobraziliense.com.br\/servidor\/wp-json\/wp\/v2\/posts\/15980\/revisions"}],"predecessor-version":[{"id":15981,"href":"https:\/\/blogs.correiobraziliense.com.br\/servidor\/wp-json\/wp\/v2\/posts\/15980\/revisions\/15981"}],"wp:attachment":[{"href":"https:\/\/blogs.correiobraziliense.com.br\/servidor\/wp-json\/wp\/v2\/media?parent=15980"}],"wp:term":[{"taxonomy":"category","embeddable":true,"href":"https:\/\/blogs.correiobraziliense.com.br\/servidor\/wp-json\/wp\/v2\/categories?post=15980"},{"taxonomy":"post_tag","embeddable":true,"href":"https:\/\/blogs.correiobraziliense.com.br\/servidor\/wp-json\/wp\/v2\/tags?post=15980"}],"curies":[{"name":"wp","href":"https:\/\/api.w.org\/{rel}","templated":true}]}}