{"id":15975,"date":"2020-04-30T12:40:43","date_gmt":"2020-04-30T15:40:43","guid":{"rendered":"https:\/\/blogs.correiobraziliense.com.br\/servidor\/?p=15975"},"modified":"2020-04-30T12:43:36","modified_gmt":"2020-04-30T15:43:36","slug":"ans-anuncia-encerramento-da-intervencao-na-geap","status":"publish","type":"post","link":"https:\/\/blogs.correiobraziliense.com.br\/servidor\/ans-anuncia-encerramento-da-intervencao-na-geap\/","title":{"rendered":"ANS anuncia encerramento da interven\u00e7\u00e3o na Geap"},"content":{"rendered":"<p><em><strong>A\u00e7\u00f5es emergenciais da diretoria executiva levaram ao fim do processo de dire\u00e7\u00e3o fiscal, informa a Geap, maior operadora de planos de sa\u00fade do funcionalismo p\u00fablico.\u00a0Em um ano, com a nova dire\u00e7\u00e3o, houve cortes de despesas e reajuste or\u00e7ament\u00e1rio dos custos administrativos e assistenciais que somam cerca de R$ 400 milh\u00f5es. S\u00f3 no setor jur\u00eddico e odontol\u00f3gico, por exemplo, a racionaliza\u00e7\u00e3o de dois contratos foi respons\u00e1vel por uma economia de R$ 12 milh\u00f5es mensais<\/strong><\/em><\/p>\n<p>A Ag\u00eancia Nacional de Sa\u00fade Suplementar (ANS) anunciou o encerramento do regime de dire\u00e7\u00e3o fiscal na Geap Autogest\u00e3o em Sa\u00fade, na edi\u00e7\u00e3o desta quinta-feira (30) do Di\u00e1rio Oficial da Uni\u00e3o (DOU). O processo de interrup\u00e7\u00e3o da interven\u00e7\u00e3o da Geap foi aprovado pela diretoria colegiada da ag\u00eancia reguladora, ap\u00f3s avalia\u00e7\u00e3o do desempenho atual da operadora e suas reais possibilidades de recupera\u00e7\u00e3o, por meio do Programa de Saneamento.<\/p>\n<p>Para contornar esse panorama, a autogest\u00e3o tomou medidas urgentes visando n\u00e3o s\u00f3 a sa\u00edda do processo de dire\u00e7\u00e3o fiscal, mas, principalmente, sua sustentabilidade. Em apenas um ano, com novo corpo diretivo, a Geap adotou cortes de despesas e reajuste or\u00e7ament\u00e1rio dos custos administrativos e assistenciais que somam cerca de R$ 400 milh\u00f5es. S\u00f3 no setor jur\u00eddico e odontol\u00f3gico, por exemplo, a racionaliza\u00e7\u00e3o de dois contratos foi respons\u00e1vel por uma economia de R$ 12 milh\u00f5es mensais.<\/p>\n<p>Segundo o diretor-presidente da Geap, Ricardo Figueiredo, foi preciso o cancelamento de dezenas de contratos dispendiosos e desnecess\u00e1rios para cumprimento das metas da ANS. &#8220;Essa foi s\u00f3 uma das diversas atividades que promovemos para sa\u00edda da dire\u00e7\u00e3o fiscal e sustentabilidade da Geap, com o envolvimento das \u00e1reas nos planos de a\u00e7\u00e3o do nosso Planejamento Estrat\u00e9gico\u201d, explicou.<\/p>\n<p>Tamb\u00e9m foram realizadas diversas reuni\u00f5es de renegocia\u00e7\u00e3o com as empresas e institui\u00e7\u00f5es conveniadas para reajustar os valores pagos e as condi\u00e7\u00f5es dispostas nos contratos vigentes. \u201cAjustamos os contratos de forma que tanto essas institui\u00e7\u00f5es quanto a Geap foram beneficiadas. Encontramos as condi\u00e7\u00f5es ideais, caso contr\u00e1rio n\u00e3o teria como manter os conv\u00eanios\u201d, enfatizou o diretor de finan\u00e7as, Cl\u00e1udio Barbosa.<\/p>\n<p>Para os diretores, o resultado \u00e9 uma conquista hist\u00f3rica para todos os benefici\u00e1rios, que marca os 74 anos da autogest\u00e3o. \u201c\u00c9 consequ\u00eancia do trabalho em equipe. Todas as ger\u00eancias estaduais se envolveram com o mesmo prop\u00f3sito. O objetivo principal sempre \u00e9 garantir o melhor servi\u00e7o para nosso benefici\u00e1rio\u201d, destacou Ricardo Figueiredo. \u201cO sentimento \u00e9 de dever cumprido. Passamos para uma nova fase da Geap confiantes e seguros para os novos desafios\u201d, comemorou Barbosa.<\/p>\n","protected":false},"excerpt":{"rendered":"<p>A\u00e7\u00f5es emergenciais da diretoria executiva levaram ao fim do processo de dire\u00e7\u00e3o fiscal, informa a Geap, maior operadora de planos de sa\u00fade do funcionalismo p\u00fablico.\u00a0Em um ano, com a nova dire\u00e7\u00e3o, houve cortes de despesas e reajuste or\u00e7ament\u00e1rio dos custos administrativos e assistenciais que somam cerca de R$ 400 milh\u00f5es. S\u00f3 no setor jur\u00eddico e odontol\u00f3gico, por exemplo, a racionaliza\u00e7\u00e3o [&hellip;]<\/p>\n","protected":false},"author":27,"featured_media":0,"comment_status":"open","ping_status":"closed","sticky":false,"template":"","format":"standard","meta":{"footnotes":""},"categories":[2719],"tags":[982,2388,15152,1769,1164,76,5298,2317,2142,3516,58,3231],"class_list":["post-15975","post","type-post","status-publish","format-standard","hentry","category-servidor","tag-ans","tag-autogestao","tag-direcao-fiscal","tag-dou","tag-funcionalismo","tag-geap","tag-intervencao","tag-plano-de-saude","tag-recuperacao","tag-saneamento","tag-servidores","tag-sustentabilidade"],"_links":{"self":[{"href":"https:\/\/blogs.correiobraziliense.com.br\/servidor\/wp-json\/wp\/v2\/posts\/15975","targetHints":{"allow":["GET"]}}],"collection":[{"href":"https:\/\/blogs.correiobraziliense.com.br\/servidor\/wp-json\/wp\/v2\/posts"}],"about":[{"href":"https:\/\/blogs.correiobraziliense.com.br\/servidor\/wp-json\/wp\/v2\/types\/post"}],"author":[{"embeddable":true,"href":"https:\/\/blogs.correiobraziliense.com.br\/servidor\/wp-json\/wp\/v2\/users\/27"}],"replies":[{"embeddable":true,"href":"https:\/\/blogs.correiobraziliense.com.br\/servidor\/wp-json\/wp\/v2\/comments?post=15975"}],"version-history":[{"count":3,"href":"https:\/\/blogs.correiobraziliense.com.br\/servidor\/wp-json\/wp\/v2\/posts\/15975\/revisions"}],"predecessor-version":[{"id":15978,"href":"https:\/\/blogs.correiobraziliense.com.br\/servidor\/wp-json\/wp\/v2\/posts\/15975\/revisions\/15978"}],"wp:attachment":[{"href":"https:\/\/blogs.correiobraziliense.com.br\/servidor\/wp-json\/wp\/v2\/media?parent=15975"}],"wp:term":[{"taxonomy":"category","embeddable":true,"href":"https:\/\/blogs.correiobraziliense.com.br\/servidor\/wp-json\/wp\/v2\/categories?post=15975"},{"taxonomy":"post_tag","embeddable":true,"href":"https:\/\/blogs.correiobraziliense.com.br\/servidor\/wp-json\/wp\/v2\/tags?post=15975"}],"curies":[{"name":"wp","href":"https:\/\/api.w.org\/{rel}","templated":true}]}}