{"id":15971,"date":"2020-04-30T08:00:20","date_gmt":"2020-04-30T11:00:20","guid":{"rendered":"https:\/\/blogs.correiobraziliense.com.br\/servidor\/?p=15971"},"modified":"2020-04-30T15:14:33","modified_gmt":"2020-04-30T18:14:33","slug":"servidores-publicos-desembarcam-do-governo-bolsonaro","status":"publish","type":"post","link":"https:\/\/blogs.correiobraziliense.com.br\/servidor\/servidores-publicos-desembarcam-do-governo-bolsonaro\/","title":{"rendered":"Servidores p\u00fablicos &#8220;desembarcam&#8221; do governo Bolsonaro"},"content":{"rendered":"<p><em><strong>As diversas categorias do servi\u00e7o p\u00fablico \u2013 que votaram em massa na atual gest\u00e3o \u2013 se decepcionaram com a condu\u00e7\u00e3o do presidente da Rep\u00fablica na crise sanit\u00e1ria e com a inten\u00e7\u00e3o de interfer\u00eancia pol\u00edtica na Pol\u00edcia Federal. Praticamente todas as carreiras de Estado se afastaram e pelo menos 60% do carreir\u00e3o pularam do barco<\/strong><\/em><\/p>\n<p>Segundo informa\u00e7\u00f5es de fontes do Pal\u00e1cio do Planalto, da C\u00e2mara dos Deputados e do Senado Federal, \u201cos limites foram ultrapassados de tal forma que, atualmente, das 32 carreiras de Estado que comp\u00f5em o F\u00f3rum Nacional (Fonacate), apenas uma, o Sinag\u00eancias \u2013 dos profissionais das ag\u00eancias reguladoras -, ainda se mant\u00e9m aliada\u201d. O estrago na base \u00e9 grande, de acordo com o t\u00e9cnico, e o governo \u201cprefere fingir que n\u00e3o tem no\u00e7\u00e3o do que pode significar o afastamento desse p\u00fablico\u201d.<\/p>\n<p>Ele lembra que, pelos \u00faltimos dados da elei\u00e7\u00e3o de 2014, publicados em 2016 pelo Tribunal Superior Eleitoral (TSE), o Brasil tinha 202,768 milh\u00f5es de habitantes. Desse total, 142,822 milh\u00f5es s\u00e3o eleitores, ou seja, o eleitorado representa 70,44% da popula\u00e7\u00e3o. \u201cOra, basta um c\u00e1lculo simples e b\u00e1sico. Hoje, existem 11,4 milh\u00f5es de servidores estaduais, municipais e federais. Se multiplicarmos por quatro, considerando um casal com dois filhos, a influ\u00eancia se expande. Podemos considerar 45,6 milh\u00f5es de pessoas contra Bolsonaro\u201d, afirmou.<\/p>\n<p>Esses 45,6 milh\u00f5es de poss\u00edveis irritados e decepcionados, na pr\u00e1tica, s\u00e3o mais de um ter\u00e7o (31,8%) do eleitorado do Brasil. \u201cMuita gente que saiu de casa vestindo verde e amarelo, agora vira as costas, lamenta a escolha e se arrepende de agir por impulso. Restam, nas ruas, alguns alucinados\u201d, destaca a fonte. Rudinei Marques, presidente do Fonacate, n\u00e3o quis comentar sobre a quantidade de carreiras que ainda est\u00e3o ao lado e aplaudindo os atos do ocupante da cadeira do Pal\u00e1cio do Planalto. Mas admitiu o desencanto.<\/p>\n<p>\u201cA demiss\u00e3o de ministros t\u00e9cnicos como Mandetta (Luiz Henrique, da Sa\u00fade) e Moro (S\u00e9rgio, da Justi\u00e7a), a inger\u00eancia pol\u00edtica em institui\u00e7\u00f5es de Estado, como no caso da Pol\u00edcia Federal, a participa\u00e7\u00e3o do presidente em atos antidemocr\u00e1ticos e a sua incapacidade de lidar com a crise sanit\u00e1ria e econ\u00f4mica deteriorou completamente a confian\u00e7a no governo. Os servidores est\u00e3o pasmos com tudo o que vem acontecendo\u201d, afirmou Rudinei Marques.<\/p>\n<p>S\u00e9rgio Ronaldo da Silva, secret\u00e1rio-geral da Confedera\u00e7\u00e3o Nacional dos Trabalhadores no Servi\u00e7o P\u00fablico Federal (Condsef, que representa 80% do funcionalismo), afirma claramente que \u201ca cada dia v\u00ea o muro das lamenta\u00e7\u00f5es crescendo e muita gente abandonando o barco\u201d. \u201cAcho que cerca de 64% dos servidores em todos os Poderes e esferas estavam com Bolsonaro. Acreditavam que iam melhorar de vida. Mas a ilus\u00e3o para aproximadamente 60% deles acabou\u201d, disse.<\/p>\n<p>Ele disse que at\u00e9 os concurseiros, que queriam brigar pela busca da estabilidade e por bons sal\u00e1rios, perderam a esperan\u00e7a. \u201c\u00c0s vezes, eles faziam o primeiro concurso dispon\u00edvel para entrar. Era a filosofia de \u2018\u00e9 melhor um p\u00e1ssaro na m\u00e3o, do que 10 voando\u2019. Hoje n\u00e3o t\u00eam sequer um na m\u00e3o e os outros nove sa\u00edram do radar. A qualidade de vida e o poder de consumo dessas pessoas tiveram uma perda enorme. E isso aconteceu em um momento de 45 milh\u00f5es de desempregados, desalentados, informais e de grande risco \u00e0 sa\u00fade da popula\u00e7\u00e3o no pa\u00eds\u201d, refor\u00e7ou Silva.<\/p>\n","protected":false},"excerpt":{"rendered":"<p>As diversas categorias do servi\u00e7o p\u00fablico \u2013 que votaram em massa na atual gest\u00e3o \u2013 se decepcionaram com a condu\u00e7\u00e3o do presidente da Rep\u00fablica na crise sanit\u00e1ria e com a inten\u00e7\u00e3o de interfer\u00eancia pol\u00edtica na Pol\u00edcia Federal. Praticamente todas as carreiras de Estado se afastaram e pelo menos 60% do carreir\u00e3o pularam do barco Segundo informa\u00e7\u00f5es de fontes do Pal\u00e1cio [&hellip;]<\/p>\n","protected":false},"author":27,"featured_media":13291,"comment_status":"open","ping_status":"closed","sticky":false,"template":"","format":"standard","meta":{"footnotes":""},"categories":[2719],"tags":[5738,17429,6400,1615,55,6672,16896,17256,366,15706,17428,5943,106,11526,56,1242,98,10913,814,17255,104,1415,7570,58,2053],"class_list":["post-15971","post","type-post","status-publish","format-standard","has-post-thumbnail","hentry","category-servidor","tag-afastamento","tag-barco","tag-bolsonaro","tag-carreirao","tag-carreiras","tag-concurseiros","tag-coronavirus","tag-covid-19","tag-crise","tag-desalentados","tag-desembarcam","tag-desempregados","tag-eleicao","tag-eleitores","tag-estado","tag-familia","tag-governo","tag-habitantes","tag-interferencia","tag-pandemia","tag-policia-federal","tag-politica","tag-sanitaria","tag-servidores","tag-tse"],"_links":{"self":[{"href":"https:\/\/blogs.correiobraziliense.com.br\/servidor\/wp-json\/wp\/v2\/posts\/15971","targetHints":{"allow":["GET"]}}],"collection":[{"href":"https:\/\/blogs.correiobraziliense.com.br\/servidor\/wp-json\/wp\/v2\/posts"}],"about":[{"href":"https:\/\/blogs.correiobraziliense.com.br\/servidor\/wp-json\/wp\/v2\/types\/post"}],"author":[{"embeddable":true,"href":"https:\/\/blogs.correiobraziliense.com.br\/servidor\/wp-json\/wp\/v2\/users\/27"}],"replies":[{"embeddable":true,"href":"https:\/\/blogs.correiobraziliense.com.br\/servidor\/wp-json\/wp\/v2\/comments?post=15971"}],"version-history":[{"count":5,"href":"https:\/\/blogs.correiobraziliense.com.br\/servidor\/wp-json\/wp\/v2\/posts\/15971\/revisions"}],"predecessor-version":[{"id":15989,"href":"https:\/\/blogs.correiobraziliense.com.br\/servidor\/wp-json\/wp\/v2\/posts\/15971\/revisions\/15989"}],"wp:featuredmedia":[{"embeddable":true,"href":"https:\/\/blogs.correiobraziliense.com.br\/servidor\/wp-json\/wp\/v2\/media\/13291"}],"wp:attachment":[{"href":"https:\/\/blogs.correiobraziliense.com.br\/servidor\/wp-json\/wp\/v2\/media?parent=15971"}],"wp:term":[{"taxonomy":"category","embeddable":true,"href":"https:\/\/blogs.correiobraziliense.com.br\/servidor\/wp-json\/wp\/v2\/categories?post=15971"},{"taxonomy":"post_tag","embeddable":true,"href":"https:\/\/blogs.correiobraziliense.com.br\/servidor\/wp-json\/wp\/v2\/tags?post=15971"}],"curies":[{"name":"wp","href":"https:\/\/api.w.org\/{rel}","templated":true}]}}