{"id":15955,"date":"2020-04-29T15:50:42","date_gmt":"2020-04-29T18:50:42","guid":{"rendered":"https:\/\/blogs.correiobraziliense.com.br\/servidor\/?p=15955"},"modified":"2020-04-29T15:50:42","modified_gmt":"2020-04-29T18:50:42","slug":"condsef-envia-oficio-a-alcolumbre-contra-congelamento-de-salarios","status":"publish","type":"post","link":"https:\/\/blogs.correiobraziliense.com.br\/servidor\/condsef-envia-oficio-a-alcolumbre-contra-congelamento-de-salarios\/","title":{"rendered":"Condsef envia of\u00edcio a Alcolumbre contra congelamento de sal\u00e1rios"},"content":{"rendered":"<p><em><strong>Em of\u00edcio ao presidente do Senado, Davi Alcolumbre, a Confedera\u00e7\u00e3o Nacional dos Trabalhadores no Servi\u00e7o P\u00fablico Federal (Condsef) afirma que o Brasil vive um momento grav\u00edssimo e n\u00e3o \u00e9 hora de confiscar sal\u00e1rios ou exigir contrapartidas de Estados e munic\u00edpios. &#8220;Os sal\u00e1rios dos servidores n\u00e3o podem ser confiscados e nem\u00a0utilizados como moeda de troca&#8221;, destaca a entidade<\/strong><\/em><\/p>\n<p>Veja a nota:<\/p>\n<p>Senhor Presidente,<\/p>\n<p>A CONFEDERA\u00c7\u00c3O DOS TRABALHADORES NO SERVI\u00c7O P\u00daBLICO FEDERAL &#8211; CONDSEF e a\u00a0FEDERA\u00c7\u00c3O NACIONAL DOS TRABALHADORES NO SERVI\u00c7O P\u00daBLICO FEDERAL &#8211; FENADSEF,entidades sindicais legalmente constitu\u00eddas, inscritas no CNPJ sob no 26.474.510\/0001-94 e\u00a022.110.805\/0001-20, respectivamente, sediadas no SBS, Quadra 01, Bloco K, Ed. Seguradoras, Salas\u00a0308\/314, Bras\u00edlia-DF, CEP 70093-900, neste ato representadas por seu Secret\u00e1rio-Geral, S\u00e9rgio Ronaldo\u00a0da Silva, v\u00eam, respeitosamente, apresentar o que se segue:<\/p>\n<p>O Brasil vive um momento grav\u00edssimo. Para salvar vidas e garantir a sa\u00edda da crise sanit\u00e1ria e\u00a0econ\u00f4mica, o pa\u00eds precisa de mais servi\u00e7os e servidores p\u00fablicos, mais empregos, mais sa\u00fade, mais\u00a0educa\u00e7\u00e3o e mais pesquisa para o tratamento da doen\u00e7a que amea\u00e7a a vida de milh\u00f5es de brasileiras e\u00a0brasileiros.<\/p>\n<p>Cortar e congelar sal\u00e1rios dos servidores p\u00fablicos Federais, Estaduais e Municipais, para manter\u00a0os lucros dos bancos e dos especuladores e o torniquete da emenda constitucional (EC) 95\/2016, que s\u00f3\u00a0da sa\u00fade j\u00e1 retirou mais de R$ 20 bilh\u00f5es em 2019, \u00e9 um crime contra o povo.<\/p>\n<p>Presidente Davi Alcolumbre, os sal\u00e1rios dos servidores n\u00e3o podem ser confiscados e nem\u00a0utilizados como moeda de troca. J\u00e1 n\u00e3o bastou a reforma da Previd\u00eancia que reduziu nossos sal\u00e1rios? Em\u00a0vez de reduzir e congelar ainda mais os sal\u00e1rios das servidoras e dos servidores p\u00fablicos brasileiros, a\u00a0maioria com sal\u00e1rios congelados desde janeiro de 2017, tome medidas para revogar a EC 95\/2016, taxe\u00a0as grandes fortunas e o lucro f\u00e1cil dos que especulam com a crise, suspendam os pagamentos e\u00a0amortiza\u00e7\u00f5es da suposta d\u00edvida p\u00fablica.<\/p>\n<p>Respeitosamente,<\/p>\n<p>Secret\u00e1rio-Geral da Condsef\/Fenadsef&#8221;<\/p>\n","protected":false},"excerpt":{"rendered":"<p>Em of\u00edcio ao presidente do Senado, Davi Alcolumbre, a Confedera\u00e7\u00e3o Nacional dos Trabalhadores no Servi\u00e7o P\u00fablico Federal (Condsef) afirma que o Brasil vive um momento grav\u00edssimo e n\u00e3o \u00e9 hora de confiscar sal\u00e1rios ou exigir contrapartidas de Estados e munic\u00edpios. &#8220;Os sal\u00e1rios dos servidores n\u00e3o podem ser confiscados e nem\u00a0utilizados como moeda de troca&#8221;, destaca a entidade Veja a nota: [&hellip;]<\/p>\n","protected":false},"author":27,"featured_media":0,"comment_status":"open","ping_status":"closed","sticky":false,"template":"","format":"standard","meta":{"footnotes":""},"categories":[2719],"tags":[1486,3186,3137,16896,17256,17290,17422,943,15589,17423,944,30,696,58],"class_list":["post-15955","post","type-post","status-publish","format-standard","hentry","category-servidor","tag-condsef","tag-confiscados","tag-contrapartida","tag-coronavirus","tag-covid-19","tag-crise-sanitaria","tag-davi-alcolumbre","tag-estados","tag-fenadsef","tag-moeda-de-troca","tag-municipios","tag-salarios","tag-senado","tag-servidores"],"_links":{"self":[{"href":"https:\/\/blogs.correiobraziliense.com.br\/servidor\/wp-json\/wp\/v2\/posts\/15955","targetHints":{"allow":["GET"]}}],"collection":[{"href":"https:\/\/blogs.correiobraziliense.com.br\/servidor\/wp-json\/wp\/v2\/posts"}],"about":[{"href":"https:\/\/blogs.correiobraziliense.com.br\/servidor\/wp-json\/wp\/v2\/types\/post"}],"author":[{"embeddable":true,"href":"https:\/\/blogs.correiobraziliense.com.br\/servidor\/wp-json\/wp\/v2\/users\/27"}],"replies":[{"embeddable":true,"href":"https:\/\/blogs.correiobraziliense.com.br\/servidor\/wp-json\/wp\/v2\/comments?post=15955"}],"version-history":[{"count":1,"href":"https:\/\/blogs.correiobraziliense.com.br\/servidor\/wp-json\/wp\/v2\/posts\/15955\/revisions"}],"predecessor-version":[{"id":15956,"href":"https:\/\/blogs.correiobraziliense.com.br\/servidor\/wp-json\/wp\/v2\/posts\/15955\/revisions\/15956"}],"wp:attachment":[{"href":"https:\/\/blogs.correiobraziliense.com.br\/servidor\/wp-json\/wp\/v2\/media?parent=15955"}],"wp:term":[{"taxonomy":"category","embeddable":true,"href":"https:\/\/blogs.correiobraziliense.com.br\/servidor\/wp-json\/wp\/v2\/categories?post=15955"},{"taxonomy":"post_tag","embeddable":true,"href":"https:\/\/blogs.correiobraziliense.com.br\/servidor\/wp-json\/wp\/v2\/tags?post=15955"}],"curies":[{"name":"wp","href":"https:\/\/api.w.org\/{rel}","templated":true}]}}