{"id":15949,"date":"2020-04-29T13:37:36","date_gmt":"2020-04-29T16:37:36","guid":{"rendered":"https:\/\/blogs.correiobraziliense.com.br\/servidor\/?p=15949"},"modified":"2020-04-29T13:37:36","modified_gmt":"2020-04-29T16:37:36","slug":"1886-ano-um-do-dia-internacional-do-trabalho-uma-data-historica","status":"publish","type":"post","link":"https:\/\/blogs.correiobraziliense.com.br\/servidor\/1886-ano-um-do-dia-internacional-do-trabalho-uma-data-historica\/","title":{"rendered":"1886 \u2013 Ano um do Dia Internacional do Trabalho, uma data hist\u00f3rica"},"content":{"rendered":"<p><em><strong>O Centro de Mem\u00f3ria Sindical (CMS) divulga o hist\u00f3rico do Dia do Trabalhador. Em um trecho do livro Primeiro de maio, Cem anos de luta, de Jos\u00e9 Luiz Del Roio, organizado pelo CMS em 2016, o autor narra o in\u00edcio das vit\u00f3rias<\/strong><\/em><\/p>\n<p>&#8220;Finalmente amanhece o dia primeiro de maio de 1886. As organiza\u00e7\u00f5es sindicais haviam lan\u00e7ado a palavra de ordem unit\u00e1ria:<\/p>\n<p>&#8216;A partir de hoje nenhum oper\u00e1rio deve trabalhar mais de oito horas por dia.<\/p>\n<p>Oito horas de trabalho!<\/p>\n<p>Oito horas de repouso!<\/p>\n<p>Oito horas de educa\u00e7\u00e3o!&#8217;<\/p>\n<p>Centenas de milhares de pessoas abandonam as f\u00e1bricas. Realizam-se manifesta\u00e7\u00f5es nos principais centros, numa verdadeira babel de l\u00ednguas que refletiam as origens dos imigrados. Foi somente uma minoria que paralisou o trabalho, mas o impacto foi tremendo. A hist\u00f3ria ainda n\u00e3o conhecera esse tipo de luta e as vit\u00f3rias adquiridas foram consistentes. Muitos Estados aprovaram a lei das oito horas, outros encurtaram a jornada para dez horas, mas com substancial aumento de sal\u00e1rios.&#8221;<\/p>\n<p><strong>Fonte<\/strong>:\u00a0https:\/\/memoriasindical.com.br\/categorias_formacao_e_debate\/1o-de-maio\/<\/p>\n<p>&nbsp;<\/p>\n","protected":false},"excerpt":{"rendered":"<p>O Centro de Mem\u00f3ria Sindical (CMS) divulga o hist\u00f3rico do Dia do Trabalhador. Em um trecho do livro Primeiro de maio, Cem anos de luta, de Jos\u00e9 Luiz Del Roio, organizado pelo CMS em 2016, o autor narra o in\u00edcio das vit\u00f3rias &#8220;Finalmente amanhece o dia primeiro de maio de 1886. As organiza\u00e7\u00f5es sindicais haviam lan\u00e7ado a palavra de ordem [&hellip;]<\/p>\n","protected":false},"author":27,"featured_media":0,"comment_status":"open","ping_status":"closed","sticky":false,"template":"","format":"standard","meta":{"footnotes":""},"categories":[2719],"tags":[17413,17415,17414,48,4404,311,17417,833,1734,4165,17416,2475,1260,261],"class_list":["post-15949","post","type-post","status-publish","format-standard","hentry","category-servidor","tag-17413","tag-cms","tag-dia-internacional-do-trabalho","tag-educacao","tag-fabricas","tag-historico","tag-imigrados","tag-impacto","tag-manifestacoes","tag-organizacoes","tag-palavra-de-ordem","tag-repouso","tag-sindicais","tag-trabalho"],"_links":{"self":[{"href":"https:\/\/blogs.correiobraziliense.com.br\/servidor\/wp-json\/wp\/v2\/posts\/15949","targetHints":{"allow":["GET"]}}],"collection":[{"href":"https:\/\/blogs.correiobraziliense.com.br\/servidor\/wp-json\/wp\/v2\/posts"}],"about":[{"href":"https:\/\/blogs.correiobraziliense.com.br\/servidor\/wp-json\/wp\/v2\/types\/post"}],"author":[{"embeddable":true,"href":"https:\/\/blogs.correiobraziliense.com.br\/servidor\/wp-json\/wp\/v2\/users\/27"}],"replies":[{"embeddable":true,"href":"https:\/\/blogs.correiobraziliense.com.br\/servidor\/wp-json\/wp\/v2\/comments?post=15949"}],"version-history":[{"count":1,"href":"https:\/\/blogs.correiobraziliense.com.br\/servidor\/wp-json\/wp\/v2\/posts\/15949\/revisions"}],"predecessor-version":[{"id":15950,"href":"https:\/\/blogs.correiobraziliense.com.br\/servidor\/wp-json\/wp\/v2\/posts\/15949\/revisions\/15950"}],"wp:attachment":[{"href":"https:\/\/blogs.correiobraziliense.com.br\/servidor\/wp-json\/wp\/v2\/media?parent=15949"}],"wp:term":[{"taxonomy":"category","embeddable":true,"href":"https:\/\/blogs.correiobraziliense.com.br\/servidor\/wp-json\/wp\/v2\/categories?post=15949"},{"taxonomy":"post_tag","embeddable":true,"href":"https:\/\/blogs.correiobraziliense.com.br\/servidor\/wp-json\/wp\/v2\/tags?post=15949"}],"curies":[{"name":"wp","href":"https:\/\/api.w.org\/{rel}","templated":true}]}}