{"id":15947,"date":"2020-04-29T13:22:31","date_gmt":"2020-04-29T16:22:31","guid":{"rendered":"https:\/\/blogs.correiobraziliense.com.br\/servidor\/?p=15947"},"modified":"2020-04-29T13:22:31","modified_gmt":"2020-04-29T16:22:31","slug":"fenapef-espera-que-stf-reverta-suspensao-de-nomeacao-de-ramagem","status":"publish","type":"post","link":"https:\/\/blogs.correiobraziliense.com.br\/servidor\/fenapef-espera-que-stf-reverta-suspensao-de-nomeacao-de-ramagem\/","title":{"rendered":"Fenapef espera que STF reverta suspens\u00e3o de nomea\u00e7\u00e3o de Ramagem"},"content":{"rendered":"<p><em><strong>Por meio de nota, a Fenapef afirma que &#8220;os policiais federais &#8211; categoria que votou em massa no atual governo &#8211; precisam ter tranquilidade para prosseguir com o trabalho contra a criminalidade e a corrup\u00e7\u00e3o&#8221; e mant\u00e9m a defesa na autonomia da institui\u00e7\u00e3o<\/strong><\/em><\/p>\n<p>Veja a nota:<\/p>\n<p>&#8220;Sobre a suspens\u00e3o da nomea\u00e7\u00e3o do diretor-geral da Pol\u00edcia Federal, Alexandre Ramagem, pelo ministro do Supremo Tribunal Federal (STF) Alexandre de Moraes, a Federa\u00e7\u00e3o Nacional dos Policiais Federais (Fenapef) declara que segue firme em seu posicionamento de acreditar que Alexandre Ramagem \u00e9 um bom quadro da PF e que aguardar\u00e1 a revers\u00e3o dessa decis\u00e3o pelo Pleno do STF, permanecendo em defesa da independ\u00eancia e autonomia investigativa para a corpora\u00e7\u00e3o.<\/p>\n<p>A institui\u00e7\u00e3o entende que decis\u00e3o judicial tem que ser cumprida, entretanto, espera que haja agilidade na solu\u00e7\u00e3o. Os policiais federais precisam ter tranquilidade para prosseguir com o trabalho contra a criminalidade e a corrup\u00e7\u00e3o. A Fenapef ressalta, ainda, que o momento exige estabilidade na PF, pois, muito al\u00e9m da crise pol\u00edtica que alveja a institui\u00e7\u00e3o, os casos de infec\u00e7\u00e3o pela Covid-19 nos policiais federais seguem aumentando.<\/p>\n<p>Bras\u00edlia, 29\/4\/2020<br \/>\nFenapef&#8221;<\/p>\n","protected":false},"excerpt":{"rendered":"<p>Por meio de nota, a Fenapef afirma que &#8220;os policiais federais &#8211; categoria que votou em massa no atual governo &#8211; precisam ter tranquilidade para prosseguir com o trabalho contra a criminalidade e a corrup\u00e7\u00e3o&#8221; e mant\u00e9m a defesa na autonomia da institui\u00e7\u00e3o Veja a nota: &#8220;Sobre a suspens\u00e3o da nomea\u00e7\u00e3o do diretor-geral da Pol\u00edcia Federal, Alexandre Ramagem, pelo ministro [&hellip;]<\/p>\n","protected":false},"author":27,"featured_media":0,"comment_status":"open","ping_status":"closed","sticky":false,"template":"","format":"standard","meta":{"footnotes":""},"categories":[2719],"tags":[17412,1308,205,17256,7124,107,17411,10988,5763,34],"class_list":["post-15947","post","type-post","status-publish","format-standard","hentry","category-servidor","tag-alexandre-ramagem","tag-autonomia","tag-corrupcao","tag-covid-19","tag-criminalidade","tag-fenapef","tag-nomeacao-alexandre-de-moraes","tag-pleno","tag-policiais-federais","tag-stf"],"_links":{"self":[{"href":"https:\/\/blogs.correiobraziliense.com.br\/servidor\/wp-json\/wp\/v2\/posts\/15947","targetHints":{"allow":["GET"]}}],"collection":[{"href":"https:\/\/blogs.correiobraziliense.com.br\/servidor\/wp-json\/wp\/v2\/posts"}],"about":[{"href":"https:\/\/blogs.correiobraziliense.com.br\/servidor\/wp-json\/wp\/v2\/types\/post"}],"author":[{"embeddable":true,"href":"https:\/\/blogs.correiobraziliense.com.br\/servidor\/wp-json\/wp\/v2\/users\/27"}],"replies":[{"embeddable":true,"href":"https:\/\/blogs.correiobraziliense.com.br\/servidor\/wp-json\/wp\/v2\/comments?post=15947"}],"version-history":[{"count":1,"href":"https:\/\/blogs.correiobraziliense.com.br\/servidor\/wp-json\/wp\/v2\/posts\/15947\/revisions"}],"predecessor-version":[{"id":15948,"href":"https:\/\/blogs.correiobraziliense.com.br\/servidor\/wp-json\/wp\/v2\/posts\/15947\/revisions\/15948"}],"wp:attachment":[{"href":"https:\/\/blogs.correiobraziliense.com.br\/servidor\/wp-json\/wp\/v2\/media?parent=15947"}],"wp:term":[{"taxonomy":"category","embeddable":true,"href":"https:\/\/blogs.correiobraziliense.com.br\/servidor\/wp-json\/wp\/v2\/categories?post=15947"},{"taxonomy":"post_tag","embeddable":true,"href":"https:\/\/blogs.correiobraziliense.com.br\/servidor\/wp-json\/wp\/v2\/tags?post=15947"}],"curies":[{"name":"wp","href":"https:\/\/api.w.org\/{rel}","templated":true}]}}