{"id":15943,"date":"2020-04-28T14:47:27","date_gmt":"2020-04-28T17:47:27","guid":{"rendered":"https:\/\/blogs.correiobraziliense.com.br\/servidor\/?p=15943"},"modified":"2020-04-28T14:47:27","modified_gmt":"2020-04-28T17:47:27","slug":"anauni-congratula-novo-agu-e-a-ida-de-mendonca-para-o-ministerio-da-justica","status":"publish","type":"post","link":"https:\/\/blogs.correiobraziliense.com.br\/servidor\/anauni-congratula-novo-agu-e-a-ida-de-mendonca-para-o-ministerio-da-justica\/","title":{"rendered":"Anauni congratula novo AGU e a ida de Mendon\u00e7a para o Minist\u00e9rio da Justi\u00e7a"},"content":{"rendered":"<p><strong>&#8220;Tanto Andr\u00e9 Mendon\u00e7a quanto Jos\u00e9 Levi foram nomes cogitados pelas respectivas carreiras quando da confec\u00e7\u00e3o da lista tr\u00edplice, no fim de 2018, pelo F\u00f3rvm Nacional da Advocacia P\u00fablica Federal, para a indica\u00e7\u00e3o do novo advogado-geral da Uni\u00e3o. A nomea\u00e7\u00e3o de membros de carreira que ostentam reconhecimento entre os pares para o comando da AGU, como ocorreu com Andr\u00e9 Mendon\u00e7a e agora ocorre com Jos\u00e9 Levi, \u00e9 importante indicativo do fortalecimento e maturidade institucionais da Advocacia-Geral da Uni\u00e3o&#8221;, destaca a Anauni<\/strong><\/p>\n<p>Veja a nota:<\/p>\n<p>&#8220;A Associa\u00e7\u00e3o Nacional dos Advogados da Uni\u00e3o (Anauni), entidade representativa da carreira de advogado da Uni\u00e3o, tem o imenso orgulho de parabenizar o advogado-geral da Uni\u00e3o, Andr\u00e9 Luiz de Almeida Mendon\u00e7a, pela sua nomea\u00e7\u00e3o para o cargo de ministro da Justi\u00e7a e Seguran\u00e7a P\u00fablica, ocorrida nesta data, bem como a nomea\u00e7\u00e3o de Jos\u00e9 Levi Mello do Amaral J\u00fanior para substitu\u00ed-lo no cargo de advogado-geral da Uni\u00e3o.<\/p>\n<p>Andr\u00e9 Mendon\u00e7a \u00e9 advogado da Uni\u00e3o de carreira, tendo iniciado sua gest\u00e3o no comando da Advocacia-Geral da Uni\u00e3o em 1\u00ba de janeiro de 2019. Durante este per\u00edodo guiou diversos projetos institucionais, visando a moderniza\u00e7\u00e3o e a presta\u00e7\u00e3o de servi\u00e7os de maneira mais eficiente pela AGU. Dentre as diversas iniciativas, s\u00e3o destaque a remodela\u00e7\u00e3o do trabalho das Consultorias Jur\u00eddicas da Uni\u00e3o nos Estados, com a cria\u00e7\u00e3o das e-CJUs, e a institui\u00e7\u00e3o de grupos regionais de atua\u00e7\u00e3o proativa \u2013 GRAPs, destinados \u00e0 recupera\u00e7\u00e3o do patrim\u00f4nio p\u00fablico e o combate \u00e0 corrup\u00e7\u00e3o.<\/p>\n<p>Andr\u00e9 Mendon\u00e7a ser\u00e1 substitu\u00eddo no cargo de advogado-geral da Uni\u00e3o por Jos\u00e9 Levi Mello do Amaral J\u00fanior, atual procurador-geral da Fazenda Nacional. Jos\u00e9 Levi \u00e9 tamb\u00e9m membro da AGU, pertencente \u00e0 carreira de procurador da Fazenda Nacional, e encontra-se no comando da PGFN tamb\u00e9m desde 1\u00ba de janeiro de 2019.<\/p>\n<p>Tanto Andr\u00e9 Mendon\u00e7a quanto Jos\u00e9 Levi foram nomes cogitados pelas respectivas carreiras quando da confec\u00e7\u00e3o da lista tr\u00edplice, no fim de 2018, pelo F\u00f3rvm Nacional da Advocacia P\u00fablica Federal, para a indica\u00e7\u00e3o do novo advogado-geral da Uni\u00e3o. A nomea\u00e7\u00e3o de membros de carreira que ostentam reconhecimento entre os pares para o comando da AGU, como ocorreu com Andr\u00e9 Mendon\u00e7a e agora ocorre com Jos\u00e9 Levi, \u00e9 importante indicativo do fortalecimento e maturidade institucionais da Advocacia-Geral da Uni\u00e3o.<\/p>\n<p>A ANAUNI deseja a ambos sucesso em seus novos postos, reiterando seu compromisso de contribuir para o aperfei\u00e7oamento da ordem jur\u00eddica, o fortalecimento das institui\u00e7\u00f5es do regime democr\u00e1tico, e pelo crescimento do Pa\u00eds.<\/p>\n<p>Bras\u00edlia, 28 de Abril de 2020<\/p>\n<p>Aanuni \u2013 Associa\u00e7\u00e3o Nacional dos Advogados da Uni\u00e3o&#8221;<\/p>\n","protected":false},"excerpt":{"rendered":"<p>&#8220;Tanto Andr\u00e9 Mendon\u00e7a quanto Jos\u00e9 Levi foram nomes cogitados pelas respectivas carreiras quando da confec\u00e7\u00e3o da lista tr\u00edplice, no fim de 2018, pelo F\u00f3rvm Nacional da Advocacia P\u00fablica Federal, para a indica\u00e7\u00e3o do novo advogado-geral da Uni\u00e3o. A nomea\u00e7\u00e3o de membros de carreira que ostentam reconhecimento entre os pares para o comando da AGU, como ocorreu com Andr\u00e9 Mendon\u00e7a e [&hellip;]<\/p>\n","protected":false},"author":27,"featured_media":0,"comment_status":"open","ping_status":"closed","sticky":false,"template":"","format":"standard","meta":{"footnotes":""},"categories":[2719],"tags":[157,186,300,3313,1973,307,1300],"class_list":["post-15943","post","type-post","status-publish","format-standard","hentry","category-servidor","tag-agu","tag-anauni","tag-cargo","tag-institucionais","tag-ministerio-da-justica","tag-nomeacao","tag-projetos"],"_links":{"self":[{"href":"https:\/\/blogs.correiobraziliense.com.br\/servidor\/wp-json\/wp\/v2\/posts\/15943","targetHints":{"allow":["GET"]}}],"collection":[{"href":"https:\/\/blogs.correiobraziliense.com.br\/servidor\/wp-json\/wp\/v2\/posts"}],"about":[{"href":"https:\/\/blogs.correiobraziliense.com.br\/servidor\/wp-json\/wp\/v2\/types\/post"}],"author":[{"embeddable":true,"href":"https:\/\/blogs.correiobraziliense.com.br\/servidor\/wp-json\/wp\/v2\/users\/27"}],"replies":[{"embeddable":true,"href":"https:\/\/blogs.correiobraziliense.com.br\/servidor\/wp-json\/wp\/v2\/comments?post=15943"}],"version-history":[{"count":1,"href":"https:\/\/blogs.correiobraziliense.com.br\/servidor\/wp-json\/wp\/v2\/posts\/15943\/revisions"}],"predecessor-version":[{"id":15944,"href":"https:\/\/blogs.correiobraziliense.com.br\/servidor\/wp-json\/wp\/v2\/posts\/15943\/revisions\/15944"}],"wp:attachment":[{"href":"https:\/\/blogs.correiobraziliense.com.br\/servidor\/wp-json\/wp\/v2\/media?parent=15943"}],"wp:term":[{"taxonomy":"category","embeddable":true,"href":"https:\/\/blogs.correiobraziliense.com.br\/servidor\/wp-json\/wp\/v2\/categories?post=15943"},{"taxonomy":"post_tag","embeddable":true,"href":"https:\/\/blogs.correiobraziliense.com.br\/servidor\/wp-json\/wp\/v2\/tags?post=15943"}],"curies":[{"name":"wp","href":"https:\/\/api.w.org\/{rel}","templated":true}]}}