{"id":15930,"date":"2020-04-27T17:32:20","date_gmt":"2020-04-27T20:32:20","guid":{"rendered":"https:\/\/blogs.correiobraziliense.com.br\/servidor\/?p=15930"},"modified":"2020-04-27T17:32:20","modified_gmt":"2020-04-27T20:32:20","slug":"carreiras-de-estado-entregam-carta-ao-presidente-da-republica","status":"publish","type":"post","link":"https:\/\/blogs.correiobraziliense.com.br\/servidor\/carreiras-de-estado-entregam-carta-ao-presidente-da-republica\/","title":{"rendered":"Carreiras de Estado entregam carta ao presidente da Rep\u00fablica"},"content":{"rendered":"<p><em><strong>S\u00e3o tr\u00eas principais sugest\u00f5es para fortalecer a Pol\u00edcia Federal: mandato para o diretor-geral; autonomia administrativa, funcional e or\u00e7ament\u00e1ria; autonomia para a atua\u00e7\u00e3o do diretor-geral, inclusive para escolha\u00a0t\u00e9cnica dos cargos de comando<\/strong><\/em><\/p>\n<p>Veja a carta:<\/p>\n<p>&#8220;Excelent\u00edssimo Senhor Presidente<\/p>\n<p>A Pol\u00edcia Federal tem hist\u00f3ria e credibilidade que devem ser preservadas.<\/p>\n<p>Excelent\u00edssimo Senhor Presidente<\/p>\n<p>A Pol\u00edcia Federal tem hist\u00f3ria e credibilidade que devem ser preservadas.<\/p>\n<p>Vossa Excel\u00eancia sabe como conceitos podem ser perigosamente abalados em\u00a0encaminhamentos eventualmente equivocados.<\/p>\n<p>As Carreiras e Atividades T\u00edpicas de Estado aglutinadas na Conacate prop\u00f5em a Vossa Excel\u00eancia que leve em conta, nas decis\u00f5es, provid\u00eancias legais\u00a0e administrativas que garantam uma Pol\u00edcia Federal ainda mais fortalecida e que\u00a0n\u00e3o permitam pairar d\u00favidas quanto aos objetivos de combater a corrup\u00e7\u00e3o e o\u00a0crime organizado, respeitada sua condi\u00e7\u00e3o de \u00f3rg\u00e3o de Estado:<\/p>\n<p>1. Mandato para o Diretor-Geral<br \/>\n2. Autonomia Administrativa, Funcional e Or\u00e7ament\u00e1ria.<br \/>\n3. Autonomia para a atua\u00e7\u00e3o do Diretor-Geral, inclusive para escolha\u00a0t\u00e9cnica dos cargos de comando.<\/p>\n<p>Com certeza Vossa Excel\u00eancia e demais autoridades que o assessoram\u00a0nas tomadas de decis\u00e3o t\u00eam presente o qu\u00e3o significativos e sinalizadores ser\u00e3o\u00a0os encaminhamentos adotados, para a sociedade.<\/p>\n<p>Brasil, 27 de abril de 2020.<\/p>\n<p>CONACATE \u2013 Confedera\u00e7\u00e3o Nacional das Carreiras e Atividades T\u00edpicas de Estado<br \/>\nFEBRAFISCO \u2013 Federa\u00e7\u00e3o Brasileira de Sindicatos das Carreiras da\u00a0Administra\u00e7\u00e3o Tribut\u00e1ria da Uni\u00e3o, dos Estados e Distrito Federal<br \/>\nFENADEPOL \u2013 Federa\u00e7\u00e3o Nacional dos Delegados de Pol\u00edcia Federal<br \/>\nFENAGESP \u2013 Federa\u00e7\u00e3o Nacional de Carreiras de Gest\u00e3o de Pol\u00edticas P\u00fablicas<br \/>\nFENALE \u2013 Federa\u00e7\u00e3o Nacional dos Servidores dos Poderes Legislativos Federal e\u00a0Estadual<br \/>\nFENALEGIS \u2013 Federa\u00e7\u00e3o Nacional dos Servidores dos legislativos e Tribunais de\u00a0Contas Municipais<br \/>\nFENAPEF \u2013 Federa\u00e7\u00e3o Nacional dos Policiais Federais<br \/>\nFENAPRF \u2013 Federa\u00e7\u00e3o Nacional dos Policiais Rodovi\u00e1rios Federais<br \/>\nFENASTC \u2013 Federa\u00e7\u00e3o Nacional Entidades Servidores Tribunais de Contas do Brasil<br \/>\nSINAG\u00caNCIAS \u2013 Sindicato Nacional dos Servidores das Ag\u00eancias Nacionais de\u00a0Regula\u00e7\u00e3o<br \/>\nSINDILEGIS \u2013 Sindicato dos Servidores Poder Legislativo Federal e TCU<br \/>\nADPJ \u2013 Associa\u00e7\u00e3o Nacional dos Delegados de Policia Judici\u00e1ria<br \/>\nANAFISCO \u2013 Associa\u00e7\u00e3o Nacional dos Auditores Fiscais de Tributos dos<br \/>\nMunic\u00edpios e Distrito Federal<br \/>\nANEINFRA \u2013 Associa\u00e7\u00e3o Nacional dos Analistas e Especialistas em Infraestrutura<\/p>\n","protected":false},"excerpt":{"rendered":"<p>S\u00e3o tr\u00eas principais sugest\u00f5es para fortalecer a Pol\u00edcia Federal: mandato para o diretor-geral; autonomia administrativa, funcional e or\u00e7ament\u00e1ria; autonomia para a atua\u00e7\u00e3o do diretor-geral, inclusive para escolha\u00a0t\u00e9cnica dos cargos de comando Veja a carta: &#8220;Excelent\u00edssimo Senhor Presidente A Pol\u00edcia Federal tem hist\u00f3ria e credibilidade que devem ser preservadas. Excelent\u00edssimo Senhor Presidente A Pol\u00edcia Federal tem hist\u00f3ria e credibilidade que devem [&hellip;]<\/p>\n","protected":false},"author":27,"featured_media":0,"comment_status":"open","ping_status":"closed","sticky":false,"template":"","format":"standard","meta":{"footnotes":""},"categories":[2719],"tags":[1314,1308,791,618,1776,5311,5006,1313,1994,104],"class_list":["post-15930","post","type-post","status-publish","format-standard","hentry","category-servidor","tag-administrativa","tag-autonomia","tag-cargos","tag-carreiras-de-estado","tag-comando","tag-conacate","tag-diretor-geral","tag-funcional","tag-orcamentaria","tag-policia-federal"],"_links":{"self":[{"href":"https:\/\/blogs.correiobraziliense.com.br\/servidor\/wp-json\/wp\/v2\/posts\/15930","targetHints":{"allow":["GET"]}}],"collection":[{"href":"https:\/\/blogs.correiobraziliense.com.br\/servidor\/wp-json\/wp\/v2\/posts"}],"about":[{"href":"https:\/\/blogs.correiobraziliense.com.br\/servidor\/wp-json\/wp\/v2\/types\/post"}],"author":[{"embeddable":true,"href":"https:\/\/blogs.correiobraziliense.com.br\/servidor\/wp-json\/wp\/v2\/users\/27"}],"replies":[{"embeddable":true,"href":"https:\/\/blogs.correiobraziliense.com.br\/servidor\/wp-json\/wp\/v2\/comments?post=15930"}],"version-history":[{"count":1,"href":"https:\/\/blogs.correiobraziliense.com.br\/servidor\/wp-json\/wp\/v2\/posts\/15930\/revisions"}],"predecessor-version":[{"id":15931,"href":"https:\/\/blogs.correiobraziliense.com.br\/servidor\/wp-json\/wp\/v2\/posts\/15930\/revisions\/15931"}],"wp:attachment":[{"href":"https:\/\/blogs.correiobraziliense.com.br\/servidor\/wp-json\/wp\/v2\/media?parent=15930"}],"wp:term":[{"taxonomy":"category","embeddable":true,"href":"https:\/\/blogs.correiobraziliense.com.br\/servidor\/wp-json\/wp\/v2\/categories?post=15930"},{"taxonomy":"post_tag","embeddable":true,"href":"https:\/\/blogs.correiobraziliense.com.br\/servidor\/wp-json\/wp\/v2\/tags?post=15930"}],"curies":[{"name":"wp","href":"https:\/\/api.w.org\/{rel}","templated":true}]}}