{"id":15909,"date":"2020-04-24T23:14:57","date_gmt":"2020-04-25T02:14:57","guid":{"rendered":"https:\/\/blogs.correiobraziliense.com.br\/servidor\/?p=15909"},"modified":"2020-04-24T23:14:57","modified_gmt":"2020-04-25T02:14:57","slug":"conacate-promete-acompanhar-atentamente-o-desdobramento-das-denuncias-de-moro","status":"publish","type":"post","link":"https:\/\/blogs.correiobraziliense.com.br\/servidor\/conacate-promete-acompanhar-atentamente-o-desdobramento-das-denuncias-de-moro\/","title":{"rendered":"Conacate promete acompanhar atentamente o desdobramento das den\u00fancias de Moro"},"content":{"rendered":"<p><em><strong>A Confedera\u00e7\u00e3o Nacional das Carreiras e Atividades T\u00edpicas de Estado (Conacate) destaca que &#8220;enormidade de acusa\u00e7\u00f5es exigir\u00e3o profundas investiga\u00e7\u00f5es que certamente ir\u00e3o remontar a fatos do passado recente da nossa hist\u00f3ria&#8221;<\/strong><\/em><\/p>\n<p>Veja a nota:<\/p>\n<p>&#8220;\u00c9 dever da Conacate se posicionar firmemente pela legalidade e institucionalidade.<\/p>\n<p>Uma an\u00e1lise de m\u00e9rito dever\u00e1 ser desenvolvida com mais vagar e acuidade necess\u00e1rias ao gigantesco contexto hist\u00f3rico. No momento explode uma cronologia de dif\u00edcil organiza\u00e7\u00e3o que nos faz come\u00e7ar e parar, por enquanto, pela oficial:<\/p>\n<p>Foi publicada uma exonera\u00e7\u00e3o A PEDIDO, que n\u00e3o existiu, assinada pelas autoridades necess\u00e1rias ao documento oficial, QUE N\u00c3O ASSINARAM e sequer dele tinham conhecimento. Pior, consta terem sido confirmados como leg\u00edtimos pela SECOM da Presid\u00eancia da Rep\u00fablica<\/p>\n<p>A enormidade de acusa\u00e7\u00f5es exigir\u00e3o profundas investiga\u00e7\u00f5es que certamente ir\u00e3o remontar a fatos do passado recente da nossa hist\u00f3ria.<\/p>\n<p>A Conacate reafirma sua defesa do estado democr\u00e1tico de direito, das institui\u00e7\u00f5es republicanas e das atividades e carreiras de Estado, da apura\u00e7\u00e3o independente e aut\u00f4noma de qualquer irregularidade administrava ou penal cometida, da import\u00e2ncia das institui\u00e7\u00f5es da Republica na defesa da democracia, da independ\u00eancia dos Poderes, dos princ\u00edpios constitucionais preciosos da legalidade, impessoalidade e da moralidade em todas as esferas e Poderes.<\/p>\n<p>N\u00e3o coadunamos com qualquer irregularidade e por isso, haveremos de acompanhar atentamente os desdobramentos de todas as den\u00fancias e apura\u00e7\u00e3o de irregularidades cometidas por qualquer agente pol\u00edtico.<\/p>\n<p>Mais, por muito que se possa acrescentar, n\u00e3o comporta o momento, dada a velocidade dos fatos que se sucedem e que tendem a alterar ou aprofundar substancialmente o quadro.<\/p>\n<p>A diretoria&#8221;<\/p>\n","protected":false},"excerpt":{"rendered":"<p>A Confedera\u00e7\u00e3o Nacional das Carreiras e Atividades T\u00edpicas de Estado (Conacate) destaca que &#8220;enormidade de acusa\u00e7\u00f5es exigir\u00e3o profundas investiga\u00e7\u00f5es que certamente ir\u00e3o remontar a fatos do passado recente da nossa hist\u00f3ria&#8221; Veja a nota: &#8220;\u00c9 dever da Conacate se posicionar firmemente pela legalidade e institucionalidade. Uma an\u00e1lise de m\u00e9rito dever\u00e1 ser desenvolvida com mais vagar e acuidade necess\u00e1rias ao gigantesco [&hellip;]<\/p>\n","protected":false},"author":27,"featured_media":0,"comment_status":"open","ping_status":"closed","sticky":false,"template":"","format":"standard","meta":{"footnotes":""},"categories":[2719],"tags":[3715,7963,1935,5311,457,908,1271,1456,4408,765,1399],"class_list":["post-15909","post","type-post","status-publish","format-standard","hentry","category-servidor","tag-acompanhar","tag-acusacoes","tag-autoridades","tag-conacate","tag-denuncias","tag-exoneracao","tag-historia","tag-investigacoes","tag-legalidade","tag-presidencia-da-republica","tag-sergio-moro"],"_links":{"self":[{"href":"https:\/\/blogs.correiobraziliense.com.br\/servidor\/wp-json\/wp\/v2\/posts\/15909","targetHints":{"allow":["GET"]}}],"collection":[{"href":"https:\/\/blogs.correiobraziliense.com.br\/servidor\/wp-json\/wp\/v2\/posts"}],"about":[{"href":"https:\/\/blogs.correiobraziliense.com.br\/servidor\/wp-json\/wp\/v2\/types\/post"}],"author":[{"embeddable":true,"href":"https:\/\/blogs.correiobraziliense.com.br\/servidor\/wp-json\/wp\/v2\/users\/27"}],"replies":[{"embeddable":true,"href":"https:\/\/blogs.correiobraziliense.com.br\/servidor\/wp-json\/wp\/v2\/comments?post=15909"}],"version-history":[{"count":1,"href":"https:\/\/blogs.correiobraziliense.com.br\/servidor\/wp-json\/wp\/v2\/posts\/15909\/revisions"}],"predecessor-version":[{"id":15910,"href":"https:\/\/blogs.correiobraziliense.com.br\/servidor\/wp-json\/wp\/v2\/posts\/15909\/revisions\/15910"}],"wp:attachment":[{"href":"https:\/\/blogs.correiobraziliense.com.br\/servidor\/wp-json\/wp\/v2\/media?parent=15909"}],"wp:term":[{"taxonomy":"category","embeddable":true,"href":"https:\/\/blogs.correiobraziliense.com.br\/servidor\/wp-json\/wp\/v2\/categories?post=15909"},{"taxonomy":"post_tag","embeddable":true,"href":"https:\/\/blogs.correiobraziliense.com.br\/servidor\/wp-json\/wp\/v2\/tags?post=15909"}],"curies":[{"name":"wp","href":"https:\/\/api.w.org\/{rel}","templated":true}]}}