{"id":15898,"date":"2020-04-24T16:02:58","date_gmt":"2020-04-24T19:02:58","guid":{"rendered":"https:\/\/blogs.correiobraziliense.com.br\/servidor\/?p=15898"},"modified":"2020-04-24T16:02:58","modified_gmt":"2020-04-24T19:02:58","slug":"conamp-ressalta-atuacao-de-moro-a-frente-do-ministerio-da-justica","status":"publish","type":"post","link":"https:\/\/blogs.correiobraziliense.com.br\/servidor\/conamp-ressalta-atuacao-de-moro-a-frente-do-ministerio-da-justica\/","title":{"rendered":"Conamp ressalta atua\u00e7\u00e3o de Moro \u00e0 frente do Minist\u00e9rio da Justi\u00e7a"},"content":{"rendered":"<p><em><strong>A Conamp destaca o desempenho do ex-ministro e sua dedica\u00e7\u00e3o &#8220;aos temas de combate \u00e0 corrup\u00e7\u00e3o e \u00e0 criminalidade grave&#8221;<\/strong><\/em><\/p>\n<p>Veja a nota:<\/p>\n<p>&#8220;A Associa\u00e7\u00e3o Nacional dos Membros do Minist\u00e9rio P\u00fablico (Conamp), entidade de classe de \u00e2mbito nacional que congrega mais de 16.000 membros do Minist\u00e9rio P\u00fablico em todo o Pa\u00eds, vem manifestar irrestrita confian\u00e7a na import\u00e2ncia da Democracia para a Rep\u00fablica Federativa do Brasil.<\/p>\n<p>Reiteramos o nosso reconhecimento da excel\u00eancia do trabalho desempenhado pelo Ministro S\u00e9rgio Moro em toda a sua atua\u00e7\u00e3o profissional, especialmente, \u00e0 frente do Minist\u00e9rio da Justi\u00e7a e Seguran\u00e7a P\u00fablica onde sua dedica\u00e7\u00e3o aos temas de combate \u00e0 corrup\u00e7\u00e3o e \u00e0 criminalidade grave sempre esteve viva.<\/p>\n<p>O desempenho de Moro tamb\u00e9m merece o devido destaque pelo fato de que, desde \u00e0 \u00e9poca de Juiz Federal, sempre respeitou e prestigiou o Minist\u00e9rio P\u00fablico brasileiro, bem como todo o sistema de Justi\u00e7a.<\/p>\n<p>Nesse sentido, a Conamp, defensora do livre exerc\u00edcio das liberdades individuais e sociais, reafirma sua confian\u00e7a e seu compromisso com a democracia brasileira; com a independ\u00eancia dos Poderes; com o respeito \u00e0s institui\u00e7\u00f5es e nos direitos e garantias fundamentais do povo brasileiro.<\/p>\n<p>Manoel Murrieta<br \/>\nPresidente&#8221;<\/p>\n","protected":false},"excerpt":{"rendered":"<p>A Conamp destaca o desempenho do ex-ministro e sua dedica\u00e7\u00e3o &#8220;aos temas de combate \u00e0 corrup\u00e7\u00e3o e \u00e0 criminalidade grave&#8221; Veja a nota: &#8220;A Associa\u00e7\u00e3o Nacional dos Membros do Minist\u00e9rio P\u00fablico (Conamp), entidade de classe de \u00e2mbito nacional que congrega mais de 16.000 membros do Minist\u00e9rio P\u00fablico em todo o Pa\u00eds, vem manifestar irrestrita confian\u00e7a na import\u00e2ncia da Democracia para [&hellip;]<\/p>\n","protected":false},"author":27,"featured_media":0,"comment_status":"open","ping_status":"closed","sticky":false,"template":"","format":"standard","meta":{"footnotes":""},"categories":[2719],"tags":[204,4460,205,7124,1973,35,1399],"class_list":["post-15898","post","type-post","status-publish","format-standard","hentry","category-servidor","tag-combate","tag-conamp","tag-corrupcao","tag-criminalidade","tag-ministerio-da-justica","tag-ministro","tag-sergio-moro"],"_links":{"self":[{"href":"https:\/\/blogs.correiobraziliense.com.br\/servidor\/wp-json\/wp\/v2\/posts\/15898","targetHints":{"allow":["GET"]}}],"collection":[{"href":"https:\/\/blogs.correiobraziliense.com.br\/servidor\/wp-json\/wp\/v2\/posts"}],"about":[{"href":"https:\/\/blogs.correiobraziliense.com.br\/servidor\/wp-json\/wp\/v2\/types\/post"}],"author":[{"embeddable":true,"href":"https:\/\/blogs.correiobraziliense.com.br\/servidor\/wp-json\/wp\/v2\/users\/27"}],"replies":[{"embeddable":true,"href":"https:\/\/blogs.correiobraziliense.com.br\/servidor\/wp-json\/wp\/v2\/comments?post=15898"}],"version-history":[{"count":1,"href":"https:\/\/blogs.correiobraziliense.com.br\/servidor\/wp-json\/wp\/v2\/posts\/15898\/revisions"}],"predecessor-version":[{"id":15899,"href":"https:\/\/blogs.correiobraziliense.com.br\/servidor\/wp-json\/wp\/v2\/posts\/15898\/revisions\/15899"}],"wp:attachment":[{"href":"https:\/\/blogs.correiobraziliense.com.br\/servidor\/wp-json\/wp\/v2\/media?parent=15898"}],"wp:term":[{"taxonomy":"category","embeddable":true,"href":"https:\/\/blogs.correiobraziliense.com.br\/servidor\/wp-json\/wp\/v2\/categories?post=15898"},{"taxonomy":"post_tag","embeddable":true,"href":"https:\/\/blogs.correiobraziliense.com.br\/servidor\/wp-json\/wp\/v2\/tags?post=15898"}],"curies":[{"name":"wp","href":"https:\/\/api.w.org\/{rel}","templated":true}]}}