{"id":15896,"date":"2020-04-24T15:52:09","date_gmt":"2020-04-24T18:52:09","guid":{"rendered":"https:\/\/blogs.correiobraziliense.com.br\/servidor\/?p=15896"},"modified":"2020-04-24T15:52:09","modified_gmt":"2020-04-24T18:52:09","slug":"nota-da-forca-sindical-sobre-a-saida-do-ministro-sergio-moro-do-governo","status":"publish","type":"post","link":"https:\/\/blogs.correiobraziliense.com.br\/servidor\/nota-da-forca-sindical-sobre-a-saida-do-ministro-sergio-moro-do-governo\/","title":{"rendered":"Nota da For\u00e7a Sindical sobre a sa\u00edda do ministro S\u00e9rgio Moro do governo"},"content":{"rendered":"<p><em><strong>Para a entidade, a &#8220;m\u00e1scara de Bolsonaro caiu&#8221;. &#8220;Sua farsa de anticorrup\u00e7\u00e3o e de combate ao crime foi desfeita. \u00c9 p\u00fablico e not\u00f3rio que ele quer interferir na a\u00e7\u00f5es da Pol\u00edcia Federal em benef\u00edcio dele e dos seus. N\u00e3o do Brasil!&#8221;, destaca<\/strong><\/em><\/p>\n<p>Veja a nota:<\/p>\n<p>&#8220;Desde janeiro de 2019 o Brasil est\u00e1, cada dia mais, sem governo. Um presidente eleito totalmente descomprometido com o pa\u00eds ocupa o pal\u00e1cio do Planalto. A poucos dias ele demitiu, em plena pandemia, o ministro da sa\u00fade Luiz Henrique Mandetta. Demitiu por puro ci\u00fames, sem nenhuma responsabilidade com a condu\u00e7\u00e3o da crise sanit\u00e1ria.<\/p>\n<p>Hoje, como se j\u00e1 n\u00e3o bastasse a pandemia que aflige a todos n\u00f3s em m\u00faltiplos aspectos, fomos surpreendidos com graves acusa\u00e7\u00f5es, vindas do \u00e2mago do pr\u00f3prio governo. A m\u00e1scara de Bolsonaro caiu. Sua farsa de anticorrup\u00e7\u00e3o e de combate ao crime foi desfeita. \u00c9 p\u00fablico e not\u00f3rio que ele quer interferir na a\u00e7\u00f5es da Pol\u00edcia Federal em benef\u00edcio dele e dos seus. N\u00e3o do Brasil!<\/p>\n<p>Isso nos joga na mais angustiante inseguran\u00e7a pol\u00edtica, econ\u00f4mica e social.<\/p>\n<p>Ser\u00e1 que nosso Congresso ainda apostar\u00e1 nesse eterno candidato, que nunca assumiu a presid\u00eancia de fato? Nesse homem imprevis\u00edvel e desequilibrado?<\/p>\n<p>A For\u00e7a Sindical acredita que Bolsonaro n\u00e3o tem condi\u00e7\u00f5es pol\u00edticas para continuar governando o Brasil . Se ele quer prestar um \u00fanico servi\u00e7o aos cidad\u00e3os desta P\u00e1tria renuncie!<\/p>\n<p>Miguel Torres<br \/>\nPresidente da For\u00e7a Sindical&#8221;<\/p>\n","protected":false},"excerpt":{"rendered":"<p>Para a entidade, a &#8220;m\u00e1scara de Bolsonaro caiu&#8221;. &#8220;Sua farsa de anticorrup\u00e7\u00e3o e de combate ao crime foi desfeita. \u00c9 p\u00fablico e not\u00f3rio que ele quer interferir na a\u00e7\u00f5es da Pol\u00edcia Federal em benef\u00edcio dele e dos seus. N\u00e3o do Brasil!&#8221;, destaca Veja a nota: &#8220;Desde janeiro de 2019 o Brasil est\u00e1, cada dia mais, sem governo. Um presidente eleito [&hellip;]<\/p>\n","protected":false},"author":27,"featured_media":0,"comment_status":"open","ping_status":"closed","sticky":false,"template":"","format":"standard","meta":{"footnotes":""},"categories":[2719],"tags":[3360,164,204,3416,17393,870,7841,13649,2562,35,104,5166,17392],"class_list":["post-15896","post","type-post","status-publish","format-standard","hentry","category-servidor","tag-anticorrupcao","tag-brasil","tag-combate","tag-crime","tag-farsa","tag-forca-sindical","tag-interferir","tag-jair-bolsonaro","tag-mascara","tag-ministro","tag-policia-federal","tag-presidente-da-republica","tag-sergio-mouro"],"_links":{"self":[{"href":"https:\/\/blogs.correiobraziliense.com.br\/servidor\/wp-json\/wp\/v2\/posts\/15896","targetHints":{"allow":["GET"]}}],"collection":[{"href":"https:\/\/blogs.correiobraziliense.com.br\/servidor\/wp-json\/wp\/v2\/posts"}],"about":[{"href":"https:\/\/blogs.correiobraziliense.com.br\/servidor\/wp-json\/wp\/v2\/types\/post"}],"author":[{"embeddable":true,"href":"https:\/\/blogs.correiobraziliense.com.br\/servidor\/wp-json\/wp\/v2\/users\/27"}],"replies":[{"embeddable":true,"href":"https:\/\/blogs.correiobraziliense.com.br\/servidor\/wp-json\/wp\/v2\/comments?post=15896"}],"version-history":[{"count":1,"href":"https:\/\/blogs.correiobraziliense.com.br\/servidor\/wp-json\/wp\/v2\/posts\/15896\/revisions"}],"predecessor-version":[{"id":15897,"href":"https:\/\/blogs.correiobraziliense.com.br\/servidor\/wp-json\/wp\/v2\/posts\/15896\/revisions\/15897"}],"wp:attachment":[{"href":"https:\/\/blogs.correiobraziliense.com.br\/servidor\/wp-json\/wp\/v2\/media?parent=15896"}],"wp:term":[{"taxonomy":"category","embeddable":true,"href":"https:\/\/blogs.correiobraziliense.com.br\/servidor\/wp-json\/wp\/v2\/categories?post=15896"},{"taxonomy":"post_tag","embeddable":true,"href":"https:\/\/blogs.correiobraziliense.com.br\/servidor\/wp-json\/wp\/v2\/tags?post=15896"}],"curies":[{"name":"wp","href":"https:\/\/api.w.org\/{rel}","templated":true}]}}