{"id":15883,"date":"2020-04-24T12:16:26","date_gmt":"2020-04-24T15:16:26","guid":{"rendered":"https:\/\/blogs.correiobraziliense.com.br\/servidor\/?p=15883"},"modified":"2020-04-24T12:57:01","modified_gmt":"2020-04-24T15:57:01","slug":"apos-saida-de-moro-policiais-federais-defendem-autonomia-da-corporacao","status":"publish","type":"post","link":"https:\/\/blogs.correiobraziliense.com.br\/servidor\/apos-saida-de-moro-policiais-federais-defendem-autonomia-da-corporacao\/","title":{"rendered":"Ap\u00f3s sa\u00edda de Moro, policiais federais defendem autonomia da corpora\u00e7\u00e3o"},"content":{"rendered":"<p><em><strong>A Federa\u00e7\u00e3o Nacional dos Policiais Federais (Fenapef), categoria que votou em massa em Jair Bolsonaro, por meio de nota, afirma que &#8220;sempre defendeu que a Pol\u00edcia Federal \u00e9 uma pol\u00edcia de Estado e n\u00e3o de governo e, por isso, acredita e defende que jamais a institui\u00e7\u00e3o deve ser atingida por interfer\u00eancias pol\u00edticas&#8221;<\/strong><\/em><\/p>\n<p>Veja a nota:<\/p>\n<p>&#8220;A Federa\u00e7\u00e3o Nacional dos Policiais Federais (Fenapef) lamenta profundamente o pedido de demiss\u00e3o do ministro da Justi\u00e7a e Seguran\u00e7a P\u00fablica, S\u00e9rgio Moro, e tamb\u00e9m a exonera\u00e7\u00e3o do Diretor-geral da Pol\u00edcia Federal, Maur\u00edcio Valeixo.<\/p>\n<p>A entidade entende que o ministro S\u00e9rgio Moro cumpriu seu papel com dedica\u00e7\u00e3o e comprometimento, garantindo a independ\u00eancia da Pol\u00edcia Federal durante todo o per\u00edodo que ocupou o cargo.<\/p>\n<p>Com rela\u00e7\u00e3o a Maur\u00edcio Valeixo, havia uma situa\u00e7\u00e3o de tens\u00e3o que se arrastava desde 2019, com o an\u00fancio de sua poss\u00edvel sa\u00edda. Ainda assim, Valeixo, um profissional s\u00e9rio e dedicado \u00e0 Pol\u00edcia Federal, manteve seu compromisso com os policiais federais at\u00e9 sua exonera\u00e7\u00e3o.<\/p>\n<p>Para a diretoria da entidade, independentemente de quem ocupe o Minist\u00e9rio da Justi\u00e7a e Seguran\u00e7a P\u00fablica e a Dire\u00e7\u00e3o-geral da PF, a Pol\u00edcia Federal precisa manter sua linha de autonomia e independ\u00eancia nos trabalhos e investiga\u00e7\u00e3o.<\/p>\n<p>A Fenapef sempre defendeu que a Pol\u00edcia Federal \u00e9 uma pol\u00edcia de Estado e n\u00e3o de governo e, por isso, acredita e defende que jamais a institui\u00e7\u00e3o deve ser atingida por interfer\u00eancias pol\u00edticas.<\/p>\n<p>Para o presidente da Fenapef, Lu\u00eds Ant\u00f4nio Boudens, o presidente da Rep\u00fablica tem o direito de fazer altera\u00e7\u00f5es em sua equipe, mas \u201cisso n\u00e3o significa &#8211; e garantimos que n\u00e3o ir\u00e1 ocorrer &#8211; qualquer tipo de interfer\u00eancia nas investiga\u00e7\u00f5es criminais da Pol\u00edcia Federal\u201d.<\/p>\n<p>Os quase 15 mil policiais federais, assim como toda a sociedade, esperam que as mudan\u00e7as realizadas nesta sexta-feira, 24, n\u00e3o alterem os valores e a miss\u00e3o da Pol\u00edcia Federal, que \u00e9 \u201cexercer as atribui\u00e7\u00f5es de pol\u00edcia judici\u00e1ria e administrativa da Uni\u00e3o, a fim de contribuir na manuten\u00e7\u00e3o da lei e da ordem, preservando o estado democr\u00e1tico de direito\u201d.<\/p>\n<p>Bras\u00edlia, 24 de abril de 2020<br \/>\nFedera\u00e7\u00e3o Nacional dos Policiais Federais&#8221;<\/p>\n","protected":false},"excerpt":{"rendered":"<p>A Federa\u00e7\u00e3o Nacional dos Policiais Federais (Fenapef), categoria que votou em massa em Jair Bolsonaro, por meio de nota, afirma que &#8220;sempre defendeu que a Pol\u00edcia Federal \u00e9 uma pol\u00edcia de Estado e n\u00e3o de governo e, por isso, acredita e defende que jamais a institui\u00e7\u00e3o deve ser atingida por interfer\u00eancias pol\u00edticas&#8221; Veja a nota: &#8220;A Federa\u00e7\u00e3o Nacional dos Policiais [&hellip;]<\/p>\n","protected":false},"author":27,"featured_media":15886,"comment_status":"open","ping_status":"closed","sticky":false,"template":"","format":"standard","meta":{"footnotes":""},"categories":[2719],"tags":[1017,908,107,263,13649,13951,104,1399,645],"class_list":["post-15883","post","type-post","status-publish","format-standard","has-post-thumbnail","hentry","category-servidor","tag-demissao","tag-exoneracao","tag-fenapef","tag-independencia","tag-jair-bolsonaro","tag-mauricio-valeixo","tag-policia-federal","tag-sergio-moro","tag-tensao"],"_links":{"self":[{"href":"https:\/\/blogs.correiobraziliense.com.br\/servidor\/wp-json\/wp\/v2\/posts\/15883","targetHints":{"allow":["GET"]}}],"collection":[{"href":"https:\/\/blogs.correiobraziliense.com.br\/servidor\/wp-json\/wp\/v2\/posts"}],"about":[{"href":"https:\/\/blogs.correiobraziliense.com.br\/servidor\/wp-json\/wp\/v2\/types\/post"}],"author":[{"embeddable":true,"href":"https:\/\/blogs.correiobraziliense.com.br\/servidor\/wp-json\/wp\/v2\/users\/27"}],"replies":[{"embeddable":true,"href":"https:\/\/blogs.correiobraziliense.com.br\/servidor\/wp-json\/wp\/v2\/comments?post=15883"}],"version-history":[{"count":3,"href":"https:\/\/blogs.correiobraziliense.com.br\/servidor\/wp-json\/wp\/v2\/posts\/15883\/revisions"}],"predecessor-version":[{"id":15888,"href":"https:\/\/blogs.correiobraziliense.com.br\/servidor\/wp-json\/wp\/v2\/posts\/15883\/revisions\/15888"}],"wp:featuredmedia":[{"embeddable":true,"href":"https:\/\/blogs.correiobraziliense.com.br\/servidor\/wp-json\/wp\/v2\/media\/15886"}],"wp:attachment":[{"href":"https:\/\/blogs.correiobraziliense.com.br\/servidor\/wp-json\/wp\/v2\/media?parent=15883"}],"wp:term":[{"taxonomy":"category","embeddable":true,"href":"https:\/\/blogs.correiobraziliense.com.br\/servidor\/wp-json\/wp\/v2\/categories?post=15883"},{"taxonomy":"post_tag","embeddable":true,"href":"https:\/\/blogs.correiobraziliense.com.br\/servidor\/wp-json\/wp\/v2\/tags?post=15883"}],"curies":[{"name":"wp","href":"https:\/\/api.w.org\/{rel}","templated":true}]}}