{"id":15879,"date":"2020-04-23T18:15:14","date_gmt":"2020-04-23T21:15:14","guid":{"rendered":"https:\/\/blogs.correiobraziliense.com.br\/servidor\/?p=15879"},"modified":"2020-04-23T18:15:14","modified_gmt":"2020-04-23T21:15:14","slug":"oab-nega-primeiro-registro-de-bacharel-de-ro-por-envolvimento-em-violencia-domestica","status":"publish","type":"post","link":"https:\/\/blogs.correiobraziliense.com.br\/servidor\/oab-nega-primeiro-registro-de-bacharel-de-ro-por-envolvimento-em-violencia-domestica\/","title":{"rendered":"OAB nega primeiro registro de bacharel de RO por envolvimento em viol\u00eancia dom\u00e9stica"},"content":{"rendered":"<p><em><strong>Na primeira sess\u00e3o virtual, na \u00faltima sexta-feira(17), a C\u00e2mara de Sele\u00e7\u00e3o e Habilita\u00e7\u00e3o da Ordem dos Advogados do Brasil \u2013 Seccional Rond\u00f4nia (OAB\/RO) decidiu pelo indeferimento do pedido de inscri\u00e7\u00e3o de bacharel envolvido em caso de viol\u00eancia dom\u00e9stica<\/strong><\/em><\/p>\n<p>A C\u00e2mara teve como base as s\u00famulas vinculantes 09\/2019 e 10\/2019 aprovada pela OAB Nacional, em 18 de mar\u00e7o do ano passado, que pro\u00edbem o ingresso de bachar\u00e9is em direito que tenham agredido mulheres, idosos, crian\u00e7as, adolescentes e pessoas com defici\u00eancia f\u00edsica e mental aos quadros da Institui\u00e7\u00e3o.<\/p>\n<p>\u201cOs advogados t\u00eam o dever de zelar pela sua idoneidade moral e \u00e9tica, tanto na vida pessoal como na\u00a0 vida profissional, para que possam bem representar seus constituintes na busca pela Justi\u00e7a. Portanto, n\u00e3o podemos compactuar com indiv\u00edduos que cometem qualquer ato de viol\u00eancia, especialmente em momento que lutamos pelo fim dos abusos cometidos contra as mulheres e contra os indiv\u00edduos mais fr\u00e1geis de nossa sociedade\u201d, ressalta o presidente da OAB Rond\u00f4nia, Elton Assis.<\/p>\n<p>Para o secret\u00e1rio-geral da Seccional e presidente da C\u00e2mara de Sele\u00e7\u00e3o e Habilita\u00e7\u00e3o, M\u00e1rcio Nogueira, \u201cimpedir quem pratica viol\u00eancia dom\u00e9stica de se inscrever \u00e9 assegurar a respeitabilidade da advocacia e, mais importante, dar um recado claro \u00e0 comunidade, que essa \u00e9 uma conduta intoler\u00e1vel com graves consequ\u00eancias\u201d.<\/p>\n<p><em>Fonte<\/em>: Ascom OAB\/RO<\/p>\n","protected":false},"excerpt":{"rendered":"<p>Na primeira sess\u00e3o virtual, na \u00faltima sexta-feira(17), a C\u00e2mara de Sele\u00e7\u00e3o e Habilita\u00e7\u00e3o da Ordem dos Advogados do Brasil \u2013 Seccional Rond\u00f4nia (OAB\/RO) decidiu pelo indeferimento do pedido de inscri\u00e7\u00e3o de bacharel envolvido em caso de viol\u00eancia dom\u00e9stica A C\u00e2mara teve como base as s\u00famulas vinculantes 09\/2019 e 10\/2019 aprovada pela OAB Nacional, em 18 de mar\u00e7o do ano passado, [&hellip;]<\/p>\n","protected":false},"author":27,"featured_media":0,"comment_status":"open","ping_status":"closed","sticky":false,"template":"","format":"standard","meta":{"footnotes":""},"categories":[2719],"tags":[3315,6528,10798,6192,4017,12733,116,1756,8604,443,7350,260,5504,1701,1263,17386,1153,478,2625,8965,11623],"class_list":["post-15879","post","type-post","status-publish","format-standard","hentry","category-servidor","tag-abusos","tag-adolescentes","tag-agressao","tag-bacharel","tag-criancas","tag-deficiencia-fisica","tag-direito","tag-etica","tag-idoneidade","tag-idosos","tag-indeferimento","tag-justica","tag-mental","tag-moral","tag-mulheres","tag-oab-ro","tag-pessoal","tag-profissional","tag-registro","tag-rondonia","tag-violencia-domestica"],"_links":{"self":[{"href":"https:\/\/blogs.correiobraziliense.com.br\/servidor\/wp-json\/wp\/v2\/posts\/15879","targetHints":{"allow":["GET"]}}],"collection":[{"href":"https:\/\/blogs.correiobraziliense.com.br\/servidor\/wp-json\/wp\/v2\/posts"}],"about":[{"href":"https:\/\/blogs.correiobraziliense.com.br\/servidor\/wp-json\/wp\/v2\/types\/post"}],"author":[{"embeddable":true,"href":"https:\/\/blogs.correiobraziliense.com.br\/servidor\/wp-json\/wp\/v2\/users\/27"}],"replies":[{"embeddable":true,"href":"https:\/\/blogs.correiobraziliense.com.br\/servidor\/wp-json\/wp\/v2\/comments?post=15879"}],"version-history":[{"count":1,"href":"https:\/\/blogs.correiobraziliense.com.br\/servidor\/wp-json\/wp\/v2\/posts\/15879\/revisions"}],"predecessor-version":[{"id":15880,"href":"https:\/\/blogs.correiobraziliense.com.br\/servidor\/wp-json\/wp\/v2\/posts\/15879\/revisions\/15880"}],"wp:attachment":[{"href":"https:\/\/blogs.correiobraziliense.com.br\/servidor\/wp-json\/wp\/v2\/media?parent=15879"}],"wp:term":[{"taxonomy":"category","embeddable":true,"href":"https:\/\/blogs.correiobraziliense.com.br\/servidor\/wp-json\/wp\/v2\/categories?post=15879"},{"taxonomy":"post_tag","embeddable":true,"href":"https:\/\/blogs.correiobraziliense.com.br\/servidor\/wp-json\/wp\/v2\/tags?post=15879"}],"curies":[{"name":"wp","href":"https:\/\/api.w.org\/{rel}","templated":true}]}}