{"id":15873,"date":"2020-04-23T14:39:38","date_gmt":"2020-04-23T17:39:38","guid":{"rendered":"https:\/\/blogs.correiobraziliense.com.br\/servidor\/?p=15873"},"modified":"2020-04-23T14:39:38","modified_gmt":"2020-04-23T17:39:38","slug":"conaq-alerta-sobre-6-mortes-de-quilombolas-em-11-dias-pela-covid-19","status":"publish","type":"post","link":"https:\/\/blogs.correiobraziliense.com.br\/servidor\/conaq-alerta-sobre-6-mortes-de-quilombolas-em-11-dias-pela-covid-19\/","title":{"rendered":"Conaq alerta sobre 6 mortes de quilombolas em 11 dias pela Covid-19"},"content":{"rendered":"<p><strong><em>Sem a\u00e7\u00f5es do poder p\u00fablico, comunidades quilombolas, com\u00a0fr\u00e1gil estrutura do sistema de sa\u00fade nos territ\u00f3rios, correm\u00a0risco iminente de trag\u00e9dia. A Coordena\u00e7\u00e3o Nacional de Articula\u00e7\u00e3o das Comunidades Negras Rurais Quilombolas (Conaq) destaca que os dados da transmiss\u00e3o da doen\u00e7a s\u00e3o sub-notificados, porque muitas secretarias municipais deixam de informar a doen\u00e7a quando a contamina\u00e7\u00e3o \u00e9 entre quilombolas<\/em><\/strong><\/p>\n<p>&#8220;Outra dificuldade relatada neste momento em diferentes comunidades \u00e9 com rela\u00e7\u00e3o ao acesso \u00e0<br \/>\nrenda b\u00e1sica emergencial, especialmente no que toca \u00e0 acessibilidade dos procedimentos de<br \/>\ncadastramento via aplicativo e falta de a\u00e7\u00f5es dos governos estaduais e municipais no sentido de<br \/>\natender demandas emergenciais dos quilombos. \u00c9 percept\u00edvel a paralisia dos governantes que<br \/>\nassistem ao caos nos quilombos e acabam por refor\u00e7ar discursos vazios do governo federal que<br \/>\nat\u00e9 o momento n\u00e3o fez chegar amparos emergenciais e medidas de prote\u00e7\u00e3o mais efetivas aos<br \/>\nquilombos em todo Brasil&#8221;, afirma a Coordena\u00e7\u00e3o.<\/p>\n<p>Veja a nota:<\/p>\n<p>&#8220;Par\u00e1 tem dois \u00f3bitos em menos de 24h<br \/>\nOs dados de alastramento da Covid-19 no Brasil j\u00e1 chamam aten\u00e7\u00e3o, s\u00e3o cerca de 2741 mortes\u00a0j\u00e1 registradas. A invisibilidade do alastramento da doen\u00e7a em territ\u00f3rios quilombolas revela uma<br \/>\nsitua\u00e7\u00e3o potencialmente dr\u00e1stica, que n\u00e3o tem recebido a aten\u00e7\u00e3o devida das autoridades p\u00fablicas\u00a0e dos meios de comunica\u00e7\u00e3o dominantes. Dados da transmiss\u00e3o da doen\u00e7a em territ\u00f3rios\u00a0quilombolas s\u00e3o sub-notificados, pois muitas secretarias municipais deixam de informar quando a\u00a0transmiss\u00e3o da doen\u00e7a e morte ocorre entre pessoas quilombolas.<\/p>\n<p>De acordo com monitoramento aut\u00f4nomo desenvolvido pela Coordena\u00e7\u00e3o Nacional de Articula\u00e7\u00e3o<br \/>\ndas Comunidades Negras Rurais Quilombolas (Conaq) junto dos territ\u00f3rios, entre os dias 16 e 17\u00a0de abril, havia diagn\u00f3sticos em cinco estados: 29 (vinte e nove) casos pendentes de diagn\u00f3stico,\u00a07 (sete) casos confirmados e 2 (dois) \u00f3bitos, esses \u00faltimos nos estados do Amap\u00e1 e Pernambuco.<\/p>\n<p>Hoje, em 22 de abril, a situa\u00e7\u00e3o se agravou para 6 (seis) \u00f3bitos. Os dados revelam uma alta taxa<br \/>\nde letalidade da Covid-19 entre os povos quilombolas e uma grande sub-notifica\u00e7\u00e3o de casos.<br \/>\nSitua\u00e7\u00f5es de dificuldades no acesso a exames e denega\u00e7\u00e3o de exames a pessoas com sintomas<br \/>\nt\u00eam sido relatadas pelas pessoas das comunidades. Os casos de \u00f3bito contabilizados pela Conaq<br \/>\nat\u00e9 o momento s\u00e3o os seguintes:<\/p>\n<p>1. Moacyr Silva, de 57 anos, no Quilombo Abacate da Pedreira, na capital do Amap\u00e1,\u00a0Macap\u00e1 , no dia 11 de abril de 2020;<br \/>\n2. Simone Paix\u00e3o Moraes, 29 anos, no Quilombo Esp\u00edrito Santo em Cacoal, no estado do\u00a0Par\u00e1, informado no dia 19 de Abril de 2020;<br \/>\n3. Jo\u00e3o Martins, 74 anos, no Quilombo Professor Jamil, Comunidade Boa Nova, em Goi\u00e1s,\u00a0no dia 19 de abril de 2020;<br \/>\n4. 1 \u00f3bito em Pernambuco, cujos dados s\u00e3o preservados a pedido da fam\u00edlia, informado no\u00a0dia 13 de abril de 2020.<br \/>\n5. Jacivaldo Franco do Nascimento, 68 anos, no quilombo de Itaco\u00e3 Mirim, no munic\u00edpio do\u00a0Acar\u00e1, no Par\u00e1, no dia 20 de abril de 2020.<br \/>\n6. Gracinete Esp\u00edndola, 59 anos, quilombo Ressaca da Pedreira, na capital do Amap\u00e1,\u00a0informada no dia 21 de abril.<\/p>\n<p>A desigualdade do enfrentamento ao Coronav\u00edrus que, j\u00e1 se mostra evidente nas periferias\u00a0urbanas, ter\u00e1 um impacto arrasador nas comunidades negras rurais, se a doen\u00e7a mantiver este\u00a0ritmo de alastramento e letalidade. At\u00e9 o momento, aproximadamente a cada dois dias tem\u00a0ocorrido um \u00f3bito pela Covid-19 entre quilombolas. A Conaq tem chamado aten\u00e7\u00e3o para fatores\u00a0estruturais alarmantes sobre as consequ\u00eancias do alastramento da pandemia nos territ\u00f3rios\u00a0quilombolas.<\/p>\n<p>Devido \u00e0 fal\u00eancia estrutural de sucessivos governos e din\u00e2micas de racismo institucional, as\u00a0comunidades n\u00e3o contam com um sistema de sa\u00fade estruturado, ao contr\u00e1rio, os relatos da maior<br \/>\nparte das comunidades \u00e9 de fr\u00e1gil assist\u00eancia e da necessidade de peregrina\u00e7\u00e3o at\u00e9 centros de<br \/>\nsa\u00fade melhor estruturados. As condi\u00e7\u00f5es de acesso \u00e0 \u00e1gua em muitos territ\u00f3rios \u00e9 motivo de<br \/>\npreocupa\u00e7\u00e3o, pois tamb\u00e9m dificulta as condi\u00e7\u00f5es de higiene necess\u00e1rias para evitar a propaga\u00e7\u00e3o\u00a0do v\u00edrus. Essa situa\u00e7\u00e3o tende a ser agravar exponencialmente com as consequ\u00eancias sociais e\u00a0econ\u00f4micas da crise da Covid-19 na vida das fam\u00edlias quilombolas.<\/p>\n<p>Outra dificuldade relatada neste momento em diferentes comunidades \u00e9 com rela\u00e7\u00e3o ao acesso \u00e0<br \/>\nrenda b\u00e1sica emergencial, especialmente no que toca \u00e0 acessibilidade dos procedimentos de<br \/>\ncadastramento via aplicativo e falta de a\u00e7\u00f5es dos governos estaduais e municipais no sentido de<br \/>\natender demandas emergenciais dos quilombos. \u00c9 percept\u00edvel a paralisia dos governantes que<br \/>\nassistem ao caos nos quilombos e acabam por refor\u00e7ar discursos vazios do governo federal que<br \/>\nat\u00e9 o momento n\u00e3o fez chegar amparos emergenciais e medidas de prote\u00e7\u00e3o mais efetivas aos<br \/>\nquilombos em todo Brasil.<\/p>\n<p>Diante das mortes j\u00e1 registradas e da gravidade do cen\u00e1rio, a Conaq exige que o governo e a<br \/>\nsociedade brasileira se posicionem e tomem medidas em defesa da vida das fam\u00edlias quilombolas.<br \/>\nN\u00e3o cairemos na invisibilidade e n\u00e3o aceitaremos o esquecimento. Vidas quilombolas importam!<\/p>\n<p>Coordena\u00e7\u00e3o Nacional de Articula\u00e7\u00e3o das Comunidades Negras Quilombolas &#8211; Conaq<\/p>\n<p>Apoiam esse Alerta:<br \/>\nTerra de Direitos<br \/>\nColetivo Margarida Alves de Assessoria Popular<br \/>\nAssocia\u00e7\u00e3o de Advogados\/as de Trabalhadores\/as Rurais no Estado da Bahia<br \/>\nINESC &#8211; Instituto de Estudos Socioecon\u00f4micos<br \/>\nLaborat\u00f3rio Matula\/ Universidade de Bras\u00edlia<br \/>\nMESPT &#8211; Mestrado em Sustentabilidade junto a Povos e Territ\u00f3rios Tradicionais\/ Universidade de<br \/>\nBras\u00edlia<br \/>\nInstituto Socioambiental &#8211; ISA<br \/>\nEcam &#8211; Equipe de Conserva\u00e7\u00e3o da Amaz\u00f4nia<br \/>\nUneafro Brasil<br \/>\nUm Gota no Oceano<br \/>\nIntervozes&#8221;<\/p>\n","protected":false},"excerpt":{"rendered":"<p>Sem a\u00e7\u00f5es do poder p\u00fablico, comunidades quilombolas, com\u00a0fr\u00e1gil estrutura do sistema de sa\u00fade nos territ\u00f3rios, correm\u00a0risco iminente de trag\u00e9dia. A Coordena\u00e7\u00e3o Nacional de Articula\u00e7\u00e3o das Comunidades Negras Rurais Quilombolas (Conaq) destaca que os dados da transmiss\u00e3o da doen\u00e7a s\u00e3o sub-notificados, porque muitas secretarias municipais deixam de informar a doen\u00e7a quando a contamina\u00e7\u00e3o \u00e9 entre quilombolas &#8220;Outra dificuldade relatada neste momento [&hellip;]<\/p>\n","protected":false},"author":27,"featured_media":0,"comment_status":"open","ping_status":"closed","sticky":false,"template":"","format":"standard","meta":{"footnotes":""},"categories":[2719],"tags":[17383,17262,17378,10474,16896,17256,366,6115,4678,6050,5039,5864,17384,13269,7251,2746,7028,17382,17381,17379,707,17380,11373,4817,274],"class_list":["post-15873","post","type-post","status-publish","format-standard","hentry","category-servidor","tag-alastramento","tag-auxilio-emergencial","tag-conaq","tag-contaminacao","tag-coronavirus","tag-covid-19","tag-crise","tag-desigualdade","tag-economicas","tag-higiene","tag-mortes","tag-obitos","tag-peregrinacao","tag-periferias","tag-propagacao","tag-protecao","tag-quilombolas","tag-quilombos","tag-secretarias-municipais","tag-sistema-de-saude","tag-sociais","tag-sub-notificacao","tag-tragedia","tag-transmissao","tag-virus"],"_links":{"self":[{"href":"https:\/\/blogs.correiobraziliense.com.br\/servidor\/wp-json\/wp\/v2\/posts\/15873","targetHints":{"allow":["GET"]}}],"collection":[{"href":"https:\/\/blogs.correiobraziliense.com.br\/servidor\/wp-json\/wp\/v2\/posts"}],"about":[{"href":"https:\/\/blogs.correiobraziliense.com.br\/servidor\/wp-json\/wp\/v2\/types\/post"}],"author":[{"embeddable":true,"href":"https:\/\/blogs.correiobraziliense.com.br\/servidor\/wp-json\/wp\/v2\/users\/27"}],"replies":[{"embeddable":true,"href":"https:\/\/blogs.correiobraziliense.com.br\/servidor\/wp-json\/wp\/v2\/comments?post=15873"}],"version-history":[{"count":1,"href":"https:\/\/blogs.correiobraziliense.com.br\/servidor\/wp-json\/wp\/v2\/posts\/15873\/revisions"}],"predecessor-version":[{"id":15874,"href":"https:\/\/blogs.correiobraziliense.com.br\/servidor\/wp-json\/wp\/v2\/posts\/15873\/revisions\/15874"}],"wp:attachment":[{"href":"https:\/\/blogs.correiobraziliense.com.br\/servidor\/wp-json\/wp\/v2\/media?parent=15873"}],"wp:term":[{"taxonomy":"category","embeddable":true,"href":"https:\/\/blogs.correiobraziliense.com.br\/servidor\/wp-json\/wp\/v2\/categories?post=15873"},{"taxonomy":"post_tag","embeddable":true,"href":"https:\/\/blogs.correiobraziliense.com.br\/servidor\/wp-json\/wp\/v2\/tags?post=15873"}],"curies":[{"name":"wp","href":"https:\/\/api.w.org\/{rel}","templated":true}]}}