{"id":15870,"date":"2020-04-23T13:13:55","date_gmt":"2020-04-23T16:13:55","guid":{"rendered":"https:\/\/blogs.correiobraziliense.com.br\/servidor\/?p=15870"},"modified":"2020-04-23T13:15:18","modified_gmt":"2020-04-23T16:15:18","slug":"brasilprev-e-dentro-da-historia-fazem-live-sobre-os-novos-habitos-das-criancas-na-quarenten","status":"publish","type":"post","link":"https:\/\/blogs.correiobraziliense.com.br\/servidor\/brasilprev-e-dentro-da-historia-fazem-live-sobre-os-novos-habitos-das-criancas-na-quarenten\/","title":{"rendered":"Brasilprev e Dentro da Hist\u00f3ria fazem live sobre os novos h\u00e1bitos das crian\u00e7as na quarentena"},"content":{"rendered":"<p><em><strong>A Brasilprev e o blog Dentro da Hist\u00f3ria fazem hoje (23), \u00e0s 19h, uma live sobre os novos h\u00e1bitos e muitos aprendizados para as crian\u00e7as e jovens nesse per\u00edodo da quarentena. A transmiss\u00e3o acontecer\u00e1 nos perfis da Brasilprev no Facebook e YouTube<\/strong><\/em><\/p>\n<p>Ap\u00f3s o sucesso da primeira <em>live<\/em>, no \u00faltimo dia 16, os pais, m\u00e3es, tios e av\u00f3s, poder\u00e3o acompanhar ao vivo o bate-papo com a participa\u00e7\u00e3o de Claudia Onofre, pedagoga da Dentro da Hist\u00f3ria e m\u00e3e de duas meninas, e da dra. Rose Lemes, propriet\u00e1ria da \u00d4mega Plus Consultoria e Treinamento, psic\u00f3loga, m\u00e3e, av\u00f3 e coach, licenciada e p\u00f3s-graduada em Psicopedagogia e Administra\u00e7\u00e3o de Recursos Humanos.<\/p>\n<p>A live tratar\u00e1 temas como a gest\u00e3o do t\u00e9dio das crian\u00e7as, as viv\u00eancias para diferentes faixas de idade, a valoriza\u00e7\u00e3o das atividades di\u00e1rias e o consumo consciente. A conversa contar\u00e1 com media\u00e7\u00e3o da m\u00e3e e apresentadora Giselle Hermeto que far\u00e1 as perguntas do p\u00fablico postadas nos coment\u00e1rios.<\/p>\n<p><strong>Servi\u00e7o<\/strong><\/p>\n<p>Live: Colab Brasilprev e Dentro da Hist\u00f3ria<\/p>\n<p>Quando: 23\/04 (quinta-feira), \u00e0s 19h.<\/p>\n<p>Onde: pelos canais digitais do \u00a0<a href=\"https:\/\/www.facebook.com\/170797776305287\/posts\/3094958013889234\" target=\"_blank\" rel=\"noopener\">Facebook<\/a>\u00a0e <a href=\"https:\/\/www.youtube.com\/watch?v=LEYg21vw6h4&amp;feature=youtu.be\" target=\"_blank\" rel=\"noopener\">YouTube<\/a> da Brasilprev (@brasilprev)<\/p>\n","protected":false},"excerpt":{"rendered":"<p>A Brasilprev e o blog Dentro da Hist\u00f3ria fazem hoje (23), \u00e0s 19h, uma live sobre os novos h\u00e1bitos e muitos aprendizados para as crian\u00e7as e jovens nesse per\u00edodo da quarentena. A transmiss\u00e3o acontecer\u00e1 nos perfis da Brasilprev no Facebook e YouTube Ap\u00f3s o sucesso da primeira live, no \u00faltimo dia 16, os pais, m\u00e3es, tios e av\u00f3s, poder\u00e3o acompanhar [&hellip;]<\/p>\n","protected":false},"author":27,"featured_media":0,"comment_status":"open","ping_status":"closed","sticky":false,"template":"","format":"standard","meta":{"footnotes":""},"categories":[2719],"tags":[7449,463,4017,315,6502,5904],"class_list":["post-15870","post","type-post","status-publish","format-standard","hentry","category-servidor","tag-aprendizado","tag-atividades","tag-criancas","tag-gestao","tag-habitos","tag-quarentena"],"_links":{"self":[{"href":"https:\/\/blogs.correiobraziliense.com.br\/servidor\/wp-json\/wp\/v2\/posts\/15870","targetHints":{"allow":["GET"]}}],"collection":[{"href":"https:\/\/blogs.correiobraziliense.com.br\/servidor\/wp-json\/wp\/v2\/posts"}],"about":[{"href":"https:\/\/blogs.correiobraziliense.com.br\/servidor\/wp-json\/wp\/v2\/types\/post"}],"author":[{"embeddable":true,"href":"https:\/\/blogs.correiobraziliense.com.br\/servidor\/wp-json\/wp\/v2\/users\/27"}],"replies":[{"embeddable":true,"href":"https:\/\/blogs.correiobraziliense.com.br\/servidor\/wp-json\/wp\/v2\/comments?post=15870"}],"version-history":[{"count":2,"href":"https:\/\/blogs.correiobraziliense.com.br\/servidor\/wp-json\/wp\/v2\/posts\/15870\/revisions"}],"predecessor-version":[{"id":15872,"href":"https:\/\/blogs.correiobraziliense.com.br\/servidor\/wp-json\/wp\/v2\/posts\/15870\/revisions\/15872"}],"wp:attachment":[{"href":"https:\/\/blogs.correiobraziliense.com.br\/servidor\/wp-json\/wp\/v2\/media?parent=15870"}],"wp:term":[{"taxonomy":"category","embeddable":true,"href":"https:\/\/blogs.correiobraziliense.com.br\/servidor\/wp-json\/wp\/v2\/categories?post=15870"},{"taxonomy":"post_tag","embeddable":true,"href":"https:\/\/blogs.correiobraziliense.com.br\/servidor\/wp-json\/wp\/v2\/tags?post=15870"}],"curies":[{"name":"wp","href":"https:\/\/api.w.org\/{rel}","templated":true}]}}