{"id":15865,"date":"2020-04-23T12:37:46","date_gmt":"2020-04-23T15:37:46","guid":{"rendered":"https:\/\/blogs.correiobraziliense.com.br\/servidor\/?p=15865"},"modified":"2020-04-23T12:49:02","modified_gmt":"2020-04-23T15:49:02","slug":"policia-federal-tem-pelo-menos-11-infectados-pela-covid-19","status":"publish","type":"post","link":"https:\/\/blogs.correiobraziliense.com.br\/servidor\/policia-federal-tem-pelo-menos-11-infectados-pela-covid-19\/","title":{"rendered":"Pol\u00edcia Federal tem pelo menos 11 servidores infectados pela Covid-19"},"content":{"rendered":"<p>Pelo menos 11 servidores da Pol\u00edcia Federal em todo o pa\u00eds j\u00e1 testaram positivo para o novo coronav\u00edrus. Outros 24 ainda aguardam confirma\u00e7\u00e3o. Um servidor, Moacyr da Silva, morreu, v\u00edtima da Covid-19. Os dados foram repassados \u00e0 Federa\u00e7\u00e3o Nacional dos Policiais Federais (Fenapef) pelos sindicatos estaduais.<\/p>\n<p>Ainda n\u00e3o h\u00e1 informa\u00e7\u00f5es sobre nove estados: Roraima, Mato Grosso, Paran\u00e1, Rio de Janeiro, Bahia, Rio Grande do Norte, Maranh\u00e3o, Para\u00edba e Minas Gerais. Esses dados devem ser atualizados diariamente.\u00a0A Fenapef informa que est\u00e1 acompanhando de perto e tenta reunir o maior n\u00famero poss\u00edvel de informa\u00e7\u00f5es sobre a sa\u00fade dos filiados em tempos de pandemia.<\/p>\n<p>O presidente da entidade, Lu\u00eds Ant\u00f4nio Boudens, acredita que a informa\u00e7\u00e3o \u00e9 essencial para que a entidade possa ter elementos para tomar provid\u00eancias de cuidado e assist\u00eancia aos seus associados, al\u00e9m de ajudar no acompanhamento das condi\u00e7\u00f5es de trabalho e a preserva\u00e7\u00e3o da sa\u00fade dos servidores da corpora\u00e7\u00e3o.<\/p>\n<p>Ele explica que duas situa\u00e7\u00f5es preocupam muito a categoria: a Superintend\u00eancia da Pol\u00edcia Federal no Rio de Janeiro e o Aeroporto de Cumbica, em S\u00e3o Paulo. Na superintend\u00eancia do Rio, o problema \u00e9 a altern\u00e2ncia de policiais em plant\u00e3o no mesmo ambiente de trabalho. &#8220;Existe a suspeita de que h\u00e1 integrantes do plant\u00e3o com suspeita de contamina\u00e7\u00e3o e, como l\u00e1 existe um rod\u00edzio, por meio de escalas e todos se revezam no mesmo ambiente, \u00e9 poss\u00edvel que o pr\u00f3prio local esteja contaminado&#8221;, conta.<\/p>\n<p>&#8220;Esse contexto de altern\u00e2ncia exige uma aten\u00e7\u00e3o especial do sindicato do Rio e da Fenapef e, se for o caso, o pedido para que o superintendente tome provid\u00eancias\u201d, detalha Boudens. Em S\u00e3o Paulo, o problema \u00e9 o volume de movimenta\u00e7\u00e3o de pessoas e cargas no aeroporto internacional.<\/p>\n<h2><strong>Preven\u00e7\u00e3o<\/strong><\/h2>\n<p>Uma portaria, editada no dia 31 de mar\u00e7o, estabelece protocolo uniforme de a\u00e7\u00f5es de enfrentamento \u00e0 pandemia de Covid-19. O documento deve ser adotado pelos representantes sindicais das 27 unidades da Federa\u00e7\u00e3o e servir como guia para os demais filiados.<\/p>\n<p>O texto pede que os representantes da categoria nos estados estejam atentos a pontos como o fornecimento de equipamentos de prote\u00e7\u00e3o individual e banco de dados, suspeitas de contamina\u00e7\u00e3o e n\u00famero de policiais federais da ativa, aposentados e pensionistas infectados. A ideia \u00e9 formar uma rede de apoio e auxiliar nas provid\u00eancias para isolamento ou quarentena, conforme a necessidade.<\/p>\n<p>\u201cO grande desafio dos policiais federais durante a crise de pandemia da Covid-19 \u00e9 manter o equil\u00edbrio entre nossa miss\u00e3o constitucional, como carreira t\u00edpica de Estado e de dedica\u00e7\u00e3o exclusiva, e a prote\u00e7\u00e3o de nossa sa\u00fade, das nossas fam\u00edlias e dos usu\u00e1rios dos nossos servi\u00e7os\u201d, disse Boudens.<\/p>\n<p>Uma das principais preocupa\u00e7\u00f5es da Fenapef \u00e9 com o pessoal que atua em \u00e1reas de fronteira. Os policiais federais lotados em setores de imigra\u00e7\u00e3o, controle e fiscaliza\u00e7\u00e3o em aeroportos, portos e postos de fronteira s\u00f3 devem atender estrangeiros ou brasileiros vindos do exterior se houver material de prote\u00e7\u00e3o no local e desde que mantida a dist\u00e2ncia padr\u00e3o de dois metros entre o servidor e o viajante durante a entrevista de imigra\u00e7\u00e3o. A presen\u00e7a da Ag\u00eancia Nacional de Vigil\u00e2ncia Sanit\u00e1ria (Anvisa) deve ser assegurada.<\/p>\n<p>Na \u00faltima segunda-feira (20), a Anvisa garantiu \u00e0 Fenapef, por meio de of\u00edcio, que est\u00e1 atuando, juntamente com o Departamento de Pol\u00edcia Federal, para assegurar a sa\u00fade dos servidores dos dois \u00f3rg\u00e3os.<\/p>\n<p>A Fenapef chegou a oferecer sua estrutura sindical nesses aeroportos, onde h\u00e1 profissionais com larga experi\u00eancia em imigra\u00e7\u00e3o, para formatar e executar um plano de atua\u00e7\u00e3o padr\u00e3o consolidado.<\/p>\n<p>A resposta da Anvisa assegura que j\u00e1 adota medidas sanit\u00e1rias para minimizar o risco de transmiss\u00e3o do coronav\u00edrus e que os aeroportos internacionais t\u00eam seus pr\u00f3prios planos de conting\u00eancia com a\u00e7\u00f5es a serem adotadas durante o enfrentamento de \u201ceventos de sa\u00fade p\u00fablica\u201d.<\/p>\n<p>A Ag\u00eancia diz ainda que est\u00e1 empenhada em orientar seus pr\u00f3prios servidores e os dos demais \u00f3rg\u00e3os que atuam em portos, aeroportos e fronteiras por meio de notas t\u00e9cnicas e que estimula o uso de m\u00e1scaras cir\u00fargicas e luvas \u201cpor profissionais que est\u00e3o em contato direto com os viajantes\u201d.<\/p>\n<p>A Fenapef tamb\u00e9m pede o fornecimento constante de equipamentos de prote\u00e7\u00e3o individual (EPIs) para os servidores que trabalham diretamente com o p\u00fablico externo.<\/p>\n<h2><strong>Teletrabalho<\/strong><\/h2>\n<p>Outro pedido da Fenapef \u00e9 o teletrabalho para o policial que perten\u00e7a a algum grupo considerado de risco (ter mais de 60 anos ou ser portador de doen\u00e7a cr\u00f4nica ou qualquer outra que afete a imunidade). Nesse caso, a chefia imediata precisa ser comunicada. Tamb\u00e9m deve ser mencionada aos superiores hier\u00e1rquicos a conviv\u00eancia com pessoas idosas ou crian\u00e7as para que se proceda o estabelecimento de teletrabalho para o servidor.<\/p>\n<p>As opera\u00e7\u00f5es policiais devem atender a rito especial de prepara\u00e7\u00e3o e s\u00f3 devem ocorrer depois de analisadas as condi\u00e7\u00f5es de urg\u00eancia e necessidade. Caso sejam inadi\u00e1veis, as equipes devem estar totalmente equipadas com material de prote\u00e7\u00e3o contra o cont\u00e1gio pelo v\u00edrus.<\/p>\n<p>Caso o policial federal designado para opera\u00e7\u00f5es externas esteja enquadrado em algum grupo de risco, a provid\u00eancia a tomar \u00e9 a comunica\u00e7\u00e3o imediata ao chefe. Em caso de negativa de substitui\u00e7\u00e3o ou de algum constrangimento, o servidor deve comunicar imediatamente a seu representante sindical para que as medidas administrativas ou judiciais sejam tomadas.<\/p>\n<h2><strong>Servidor falecido<\/strong><\/h2>\n<p>O servidor Moacyr da Silva, art\u00edfice de mec\u00e2nica, foi a primeira v\u00edtima fatal do coronav\u00edrus na corpora\u00e7\u00e3o. Ele tinha 57 anos, sendo 30 como art\u00edfice de mec\u00e2nica da Pol\u00edcia Federal.<\/p>\n","protected":false},"excerpt":{"rendered":"<p>Pelo menos 11 servidores da Pol\u00edcia Federal em todo o pa\u00eds j\u00e1 testaram positivo para o novo coronav\u00edrus. Outros 24 ainda aguardam confirma\u00e7\u00e3o. Um servidor, Moacyr da Silva, morreu, v\u00edtima da Covid-19. Os dados foram repassados \u00e0 Federa\u00e7\u00e3o Nacional dos Policiais Federais (Fenapef) pelos sindicatos estaduais. Ainda n\u00e3o h\u00e1 informa\u00e7\u00f5es sobre nove estados: Roraima, Mato Grosso, Paran\u00e1, Rio de Janeiro, [&hellip;]<\/p>\n","protected":false},"author":27,"featured_media":15868,"comment_status":"open","ping_status":"closed","sticky":false,"template":"","format":"standard","meta":{"footnotes":""},"categories":[2719],"tags":[675,206,2803,10474,16896,17256,5259,8535,107,17375,17255,1499,104,110,7715,17376,616,58,17377],"class_list":["post-15865","post","type-post","status-publish","format-standard","has-post-thumbnail","hentry","category-servidor","tag-aeroporto","tag-ambiente","tag-cargas","tag-contaminacao","tag-coronavirus","tag-covid-19","tag-epi","tag-escalas","tag-fenapef","tag-infectados","tag-pandemia","tag-plantao","tag-policia-federal","tag-policiais","tag-protocolo","tag-rodizio","tag-saude","tag-servidores","tag-uniforme"],"_links":{"self":[{"href":"https:\/\/blogs.correiobraziliense.com.br\/servidor\/wp-json\/wp\/v2\/posts\/15865","targetHints":{"allow":["GET"]}}],"collection":[{"href":"https:\/\/blogs.correiobraziliense.com.br\/servidor\/wp-json\/wp\/v2\/posts"}],"about":[{"href":"https:\/\/blogs.correiobraziliense.com.br\/servidor\/wp-json\/wp\/v2\/types\/post"}],"author":[{"embeddable":true,"href":"https:\/\/blogs.correiobraziliense.com.br\/servidor\/wp-json\/wp\/v2\/users\/27"}],"replies":[{"embeddable":true,"href":"https:\/\/blogs.correiobraziliense.com.br\/servidor\/wp-json\/wp\/v2\/comments?post=15865"}],"version-history":[{"count":3,"href":"https:\/\/blogs.correiobraziliense.com.br\/servidor\/wp-json\/wp\/v2\/posts\/15865\/revisions"}],"predecessor-version":[{"id":15869,"href":"https:\/\/blogs.correiobraziliense.com.br\/servidor\/wp-json\/wp\/v2\/posts\/15865\/revisions\/15869"}],"wp:featuredmedia":[{"embeddable":true,"href":"https:\/\/blogs.correiobraziliense.com.br\/servidor\/wp-json\/wp\/v2\/media\/15868"}],"wp:attachment":[{"href":"https:\/\/blogs.correiobraziliense.com.br\/servidor\/wp-json\/wp\/v2\/media?parent=15865"}],"wp:term":[{"taxonomy":"category","embeddable":true,"href":"https:\/\/blogs.correiobraziliense.com.br\/servidor\/wp-json\/wp\/v2\/categories?post=15865"},{"taxonomy":"post_tag","embeddable":true,"href":"https:\/\/blogs.correiobraziliense.com.br\/servidor\/wp-json\/wp\/v2\/tags?post=15865"}],"curies":[{"name":"wp","href":"https:\/\/api.w.org\/{rel}","templated":true}]}}