{"id":15857,"date":"2020-04-22T17:56:54","date_gmt":"2020-04-22T20:56:54","guid":{"rendered":"https:\/\/blogs.correiobraziliense.com.br\/servidor\/?p=15857"},"modified":"2020-04-22T17:56:54","modified_gmt":"2020-04-22T20:56:54","slug":"centrais-sindicais-pregam-ampla-unidade-na-defesa-da-democracia-e-dos-direitos","status":"publish","type":"post","link":"https:\/\/blogs.correiobraziliense.com.br\/servidor\/centrais-sindicais-pregam-ampla-unidade-na-defesa-da-democracia-e-dos-direitos\/","title":{"rendered":"Centrais sindicais pregam ampla unidade na defesa da democracia e dos direitos"},"content":{"rendered":"<p><em><strong>As Centrais Sindicais brasileiras,por meio,\u00a0 destacam a relev\u00e2ncia da ampla unidade de a\u00e7\u00e3o que se formou para o enfrentamento da Medida Provis\u00f3ria 905.<\/strong> <\/em><\/p>\n<p>Veja a nota:<\/p>\n<p>&#8220;Este enfrentamento foi realizado por meio de intenso di\u00e1logo com lideran\u00e7as de distintos partidos pol\u00edticos, centrais sindicais e entidades da sociedade civil como a Ordem dos Advogados do Brasil (OAB), a Associa\u00e7\u00e3o Nacional dos Magistrados do Trabalho (Anamatra), o Minist\u00e9rio P\u00fablico do Trabalho (MPT), a Associa\u00e7\u00e3o Brasileira de Advogados Trabalhistas (ABRAT), a Associa\u00e7\u00e3o Nacional de Procuradores do Trabalho (ANPT), o Sindicato Nacional dos Auditores Fiscais do Trabalho (Sinait), a Uni\u00e3o Nacional dos Estudantes (UNE), a Associa\u00e7\u00e3o Nacional de Juristas pela Democracia (ABJD), dentre outras organiza\u00e7\u00f5es e movimentos.<\/p>\n<p>A a\u00e7\u00e3o unit\u00e1ria e o di\u00e1logo com o Congresso Nacional estimularam o envolvimento criativo de milhares de dirigentes e militantes sindicais das mais diversas inst\u00e2ncias, al\u00e9m de movimentos e organiza\u00e7\u00f5es sociais, que se engajaram na press\u00e3o e convencimento dos parlamentares em todos os estados. Tratou-se, portanto, de um movimento coletivo que revelou sua import\u00e2ncia tamb\u00e9m pela intensa mobiliza\u00e7\u00e3o na base.<\/p>\n<p>Diante da situa\u00e7\u00e3o dram\u00e1tica e delicada que a sociedade brasileira enfrenta, que \u00e9 a pandemia do Covid19, a articula\u00e7\u00e3o unit\u00e1ria caracterizou-se como uma a\u00e7\u00e3o estrat\u00e9gica em defesa da vida, dos direitos sociais e da democracia.<\/p>\n<p>Condenamos veementemente a postura do governo federal que se coloca na contram\u00e3o do mundo e da ci\u00eancia recusando-se a enfrentar com seriedade a pandemia e a crise sanit\u00e1ria que dela adv\u00e9m e que ainda insiste em atacar e retirar direitos da classe trabalhadora.<\/p>\n<p>Ademais, as sistem\u00e1ticas declara\u00e7\u00f5es e movimenta\u00e7\u00f5es de Jair Bolsonaro favor\u00e1veis ao A-I5 e ao Estado de Exce\u00e7\u00e3o, com ataques \u00e0s institui\u00e7\u00f5es do Estado e \u00e0 Constitui\u00e7\u00e3o, deixam claras as suas inten\u00e7\u00f5es de destruir a democracia, atitude que tamb\u00e9m merece nosso contundente rep\u00fadio.<\/p>\n<p>O enfrentamento da dram\u00e1tica crise sanit\u00e1ria e econ\u00f4mica deve ser constru\u00eddo por meio da luta dos trabalhadores. \u00c9 fundamental que nossas vozes sejam ouvidas e somadas \u00e0s decis\u00f5es pol\u00edticas. Por isso, s\u00e3o de fundamental import\u00e2ncia os espa\u00e7os de di\u00e1logo e de negocia\u00e7\u00e3o j\u00e1 conquistados no Congresso Nacional.<\/p>\n<p>Nossa perspectiva \u00e9 a de ampliar estes espa\u00e7os e torn\u00e1-los ainda mais efetivos, n\u00e3o apenas durante a pandemia, mas para al\u00e9m dela, para que os problemas da classe trabalhadora sejam tratados com a rapidez, a efici\u00eancia, a sensibilidade e a responsabilidade que merecem.<\/p>\n<p>As centrais t\u00eam importantes contribui\u00e7\u00f5es a dar no fortalecimento de nosso pa\u00eds e na prote\u00e7\u00e3o aos trabalhadores, tanto com rela\u00e7\u00e3o \u00e0s medidas de prote\u00e7\u00e3o \u00e0 sa\u00fade, bem como ao emprego e renda dos trabalhadores.<\/p>\n<p>Em defesa da vida, da democracia, de oportunidades de trabalho e garantia de renda para todos os trabalhadores e trabalhadoras, insistiremos na luta e na busca amplia\u00e7\u00e3o do di\u00e1logo como um mecanismo para a supera\u00e7\u00e3o desta dram\u00e1tica crise sanit\u00e1ria, econ\u00f4mica, social e pol\u00edtica.<\/p>\n<p>S\u00e3o Paulo, 22 de abril de 2020<\/p>\n<p>Sergio Nobre, presidente da CUT \u2013 Central \u00danica dos Trabalhadores<br \/>\nMiguel Torres, presidente da For\u00e7a Sindical<br \/>\nRicardo Patah, presidente da UGT \u2013 Uni\u00e3o Geral dos Trabalhadores<br \/>\nAdilson Araujo, presidente da CTB \u2013 Central dos Trabalhadores e Trabalhadoras do Brasil<br \/>\nAnt\u00f4nio Neto, presidente da CSB \u2013 Central dos Sindicatos Brasileiros<br \/>\nJos\u00e9 Calixto Ramos, presidente da NCST \u2013 Nova Central Sindical dos Trabalhadores<br \/>\nAtn\u00e1goras Lopes &#8211; Secretaria Executiva Nacional da CSP-Conlutas<br \/>\nEdson Carneiro \u00cdndio, secret\u00e1rio geral da Intersindical \u2013 Central da Classe Trabalhadora&#8221;<\/p>\n","protected":false},"excerpt":{"rendered":"<p>As Centrais Sindicais brasileiras,por meio,\u00a0 destacam a relev\u00e2ncia da ampla unidade de a\u00e7\u00e3o que se formou para o enfrentamento da Medida Provis\u00f3ria 905. Veja a nota: &#8220;Este enfrentamento foi realizado por meio de intenso di\u00e1logo com lideran\u00e7as de distintos partidos pol\u00edticos, centrais sindicais e entidades da sociedade civil como a Ordem dos Advogados do Brasil (OAB), a Associa\u00e7\u00e3o Nacional dos [&hellip;]<\/p>\n","protected":false},"author":27,"featured_media":0,"comment_status":"open","ping_status":"closed","sticky":false,"template":"","format":"standard","meta":{"footnotes":""},"categories":[2719],"tags":[1101,693,1201,4053,619,98,481,16404,268,17369,2906],"class_list":["post-15857","post","type-post","status-publish","format-standard","hentry","category-servidor","tag-centrais-sindicais","tag-congresso-nacional","tag-defesa","tag-democracia","tag-direitos","tag-governo","tag-mobilizacao","tag-mp-905","tag-parlamentares","tag-trabalhaores","tag-unidade"],"_links":{"self":[{"href":"https:\/\/blogs.correiobraziliense.com.br\/servidor\/wp-json\/wp\/v2\/posts\/15857","targetHints":{"allow":["GET"]}}],"collection":[{"href":"https:\/\/blogs.correiobraziliense.com.br\/servidor\/wp-json\/wp\/v2\/posts"}],"about":[{"href":"https:\/\/blogs.correiobraziliense.com.br\/servidor\/wp-json\/wp\/v2\/types\/post"}],"author":[{"embeddable":true,"href":"https:\/\/blogs.correiobraziliense.com.br\/servidor\/wp-json\/wp\/v2\/users\/27"}],"replies":[{"embeddable":true,"href":"https:\/\/blogs.correiobraziliense.com.br\/servidor\/wp-json\/wp\/v2\/comments?post=15857"}],"version-history":[{"count":1,"href":"https:\/\/blogs.correiobraziliense.com.br\/servidor\/wp-json\/wp\/v2\/posts\/15857\/revisions"}],"predecessor-version":[{"id":15858,"href":"https:\/\/blogs.correiobraziliense.com.br\/servidor\/wp-json\/wp\/v2\/posts\/15857\/revisions\/15858"}],"wp:attachment":[{"href":"https:\/\/blogs.correiobraziliense.com.br\/servidor\/wp-json\/wp\/v2\/media?parent=15857"}],"wp:term":[{"taxonomy":"category","embeddable":true,"href":"https:\/\/blogs.correiobraziliense.com.br\/servidor\/wp-json\/wp\/v2\/categories?post=15857"},{"taxonomy":"post_tag","embeddable":true,"href":"https:\/\/blogs.correiobraziliense.com.br\/servidor\/wp-json\/wp\/v2\/tags?post=15857"}],"curies":[{"name":"wp","href":"https:\/\/api.w.org\/{rel}","templated":true}]}}