{"id":15837,"date":"2020-04-20T19:36:24","date_gmt":"2020-04-20T22:36:24","guid":{"rendered":"https:\/\/blogs.correiobraziliense.com.br\/servidor\/?p=15837"},"modified":"2020-04-20T19:36:24","modified_gmt":"2020-04-20T22:36:24","slug":"fgv-eppg-aponta-em-webseminario-previsao-sobre-o-fim-do-distanciamento-social","status":"publish","type":"post","link":"https:\/\/blogs.correiobraziliense.com.br\/servidor\/fgv-eppg-aponta-em-webseminario-previsao-sobre-o-fim-do-distanciamento-social\/","title":{"rendered":"FGV EPPG aponta em websemin\u00e1rio previs\u00e3o sobre o fim do distanciamento social"},"content":{"rendered":"<p><em><strong>A Escola de Pol\u00edticas P\u00fablicas e Governo da Funda\u00e7\u00e3o Getulio Vargas (FGV EPPG) apresenta, na quarta-feira, (22), entre 19h e 20h, o websemin\u00e1rio &#8220;Modelagem e a previs\u00e3o da pandemia da COVID-19 no Brasil&#8221;. Daniel O. Cajueiro, do Departamento de Economia da Universidade de Bras\u00edlia (UnB) far\u00e1 a confer\u00eancia<\/strong><\/em><\/p>\n<p>Durante o encontro virtual, que integra o &#8220;Ciclo de websemin\u00e1rios em Pol\u00edticas P\u00fablicas: Um olhar objetivo na crise da Covid-19&#8221; da FGV EPPG, Daniel O. Cajueiro apresentar\u00e1 dados do estudo, em parceria com Saulo Bastos, com simula\u00e7\u00f5es de longo prazo para determinar o tempo \u00f3timo para o fim do per\u00edodo de distanciamento social.<\/p>\n<p>O websemin\u00e1rio ter\u00e1, ainda, a participa\u00e7\u00e3o do diretor da FGV EPPG, Edson Kondo, e da professora Graziella Guiotti Testa. O evento ser\u00e1 realizado entre 19h e 20h, pela Plataforma Zoom.<\/p>\n<p>As inscri\u00e7\u00f5es s\u00e3o gratuitas, com vagas limitadas. Para participar, basta se inscrever no link: evento.fgv.br\/modeling\/.<\/p>\n","protected":false},"excerpt":{"rendered":"<p>A Escola de Pol\u00edticas P\u00fablicas e Governo da Funda\u00e7\u00e3o Getulio Vargas (FGV EPPG) apresenta, na quarta-feira, (22), entre 19h e 20h, o websemin\u00e1rio &#8220;Modelagem e a previs\u00e3o da pandemia da COVID-19 no Brasil&#8221;. Daniel O. Cajueiro, do Departamento de Economia da Universidade de Bras\u00edlia (UnB) far\u00e1 a confer\u00eancia Durante o encontro virtual, que integra o &#8220;Ciclo de websemin\u00e1rios em Pol\u00edticas [&hellip;]<\/p>\n","protected":false},"author":27,"featured_media":0,"comment_status":"open","ping_status":"closed","sticky":false,"template":"","format":"standard","meta":{"footnotes":""},"categories":[2719],"tags":[17350,8332,17349,782,781,2882,420],"class_list":["post-15837","post","type-post","status-publish","format-standard","hentry","category-servidor","tag-distanciamento-social","tag-evento","tag-fgv-eppg","tag-gratuitas","tag-inscricoes","tag-internet","tag-unb"],"_links":{"self":[{"href":"https:\/\/blogs.correiobraziliense.com.br\/servidor\/wp-json\/wp\/v2\/posts\/15837","targetHints":{"allow":["GET"]}}],"collection":[{"href":"https:\/\/blogs.correiobraziliense.com.br\/servidor\/wp-json\/wp\/v2\/posts"}],"about":[{"href":"https:\/\/blogs.correiobraziliense.com.br\/servidor\/wp-json\/wp\/v2\/types\/post"}],"author":[{"embeddable":true,"href":"https:\/\/blogs.correiobraziliense.com.br\/servidor\/wp-json\/wp\/v2\/users\/27"}],"replies":[{"embeddable":true,"href":"https:\/\/blogs.correiobraziliense.com.br\/servidor\/wp-json\/wp\/v2\/comments?post=15837"}],"version-history":[{"count":1,"href":"https:\/\/blogs.correiobraziliense.com.br\/servidor\/wp-json\/wp\/v2\/posts\/15837\/revisions"}],"predecessor-version":[{"id":15838,"href":"https:\/\/blogs.correiobraziliense.com.br\/servidor\/wp-json\/wp\/v2\/posts\/15837\/revisions\/15838"}],"wp:attachment":[{"href":"https:\/\/blogs.correiobraziliense.com.br\/servidor\/wp-json\/wp\/v2\/media?parent=15837"}],"wp:term":[{"taxonomy":"category","embeddable":true,"href":"https:\/\/blogs.correiobraziliense.com.br\/servidor\/wp-json\/wp\/v2\/categories?post=15837"},{"taxonomy":"post_tag","embeddable":true,"href":"https:\/\/blogs.correiobraziliense.com.br\/servidor\/wp-json\/wp\/v2\/tags?post=15837"}],"curies":[{"name":"wp","href":"https:\/\/api.w.org\/{rel}","templated":true}]}}