{"id":15835,"date":"2020-04-20T16:49:46","date_gmt":"2020-04-20T19:49:46","guid":{"rendered":"https:\/\/blogs.correiobraziliense.com.br\/servidor\/?p=15835"},"modified":"2020-04-20T16:49:46","modified_gmt":"2020-04-20T19:49:46","slug":"agricultura-comeca-a-sentir-impactos-da-pandemia-do-coronavirus","status":"publish","type":"post","link":"https:\/\/blogs.correiobraziliense.com.br\/servidor\/agricultura-comeca-a-sentir-impactos-da-pandemia-do-coronavirus\/","title":{"rendered":"Agricultura come\u00e7a a sentir impactos da pandemia do coronav\u00edrus"},"content":{"rendered":"<p><em><strong>Em mar\u00e7o, o agro manteve a economia do pa\u00eds forte, mas em abril os problemas apareceram<\/strong><\/em><\/p>\n<p>A Associa\u00e7\u00e3o Nacional de Defesa dos Agricultores, Pecuaristas e Produtores da Terra (AndaTerra) afirma que, principalmente, quem fica prejudicado \u00e9 o pequeno produtor. Eles est\u00e3o jogando fora frutas, legumes, carne, leite e at\u00e9 de ovos, j\u00e1 que os restaurantes, as feiras e a as escolas n\u00e3o est\u00e3o abrindo.<\/p>\n<p>A AndaTerra est\u00e1 preocupada com a situa\u00e7\u00e3o e informa que encaminhou um of\u00edcio ao presidente Jair Bolsonaro, pedindo uma esp\u00e9cie de \u201cpacote agro\u201d, para a \u00fanica \u00e1rea que n\u00e3o recebeu incentivos do governo federal ainda.<\/p>\n<p>Nesse pacote, reivindica morat\u00f3ria por tr\u00eas anos de todos os d\u00e9bitos do produtor rural. Pede tamb\u00e9m a cria\u00e7\u00e3o de uma linha de cr\u00e9dito com juros pela taxa Selic com prazo de 20 anos e car\u00eancia de cinco. E a aprova\u00e7\u00e3o do projeto de lei 9252\/2017, que acaba com o passivo relacionado ao Fundo de Apoio ao Trabalhador Rural (Funrural).<\/p>\n<p>O diretor jur\u00eddico da AndaTerra, Jeferson Rocha, reclama da falta de medidas espec\u00edficas para o setor, o que ele atribui ao que chama de \u201cvis\u00e3o equivocada\u201d a respeito da situa\u00e7\u00e3o. \u201cOs reflexos econ\u00f4micos advindos da paralisa\u00e7\u00e3o s\u00e3o ineg\u00e1veis. H\u00e1 queda no consumo de alimentos e de alguns produtos. Tem segmentos que v\u00e3o fechar as portas, caso da produ\u00e7\u00e3o de flores, produtor de hortifruti, especialmente os pequenos\u201d, diz Rocha.<\/p>\n<p><strong>Contexto<\/strong><\/p>\n<p>A AndaTerra destaca que o agroneg\u00f3cio no Brasil sempre foi muito forte e superou grandes crises mundiais. Outra crise chegou e com ela mais um desafio a enfrentar. E desta vez os produtores rurais estiveram forte e mantiveram as m\u00e1quinas rodando. O Minist\u00e9rio da Sa\u00fade informou, em mar\u00e7o, que o agro estava mantendo a economia do Brasil. Mas em abril, o campo come\u00e7ou a sentir os impactos da pandemia do novo coronav\u00edrus.<\/p>\n<p>&#8220;O produtor de cacau n\u00e3o est\u00e1 vendendo porque est\u00e1 tudo fechado. Ele teve preju\u00edzo na P\u00e1scoa. J\u00e1 o produtor de algod\u00e3o, como fica se as lojas de roupas est\u00e3o fechadas? Ou at\u00e9 o produtor de etanol, sendo que os ve\u00edculos n\u00e3o est\u00e3o mais rodando? Com as f\u00e1bricas fechadas, como fica o produtor de celulose?&#8221;, destaca a nota<\/p>\n<p>&nbsp;<\/p>\n","protected":false},"excerpt":{"rendered":"<p>Em mar\u00e7o, o agro manteve a economia do pa\u00eds forte, mas em abril os problemas apareceram A Associa\u00e7\u00e3o Nacional de Defesa dos Agricultores, Pecuaristas e Produtores da Terra (AndaTerra) afirma que, principalmente, quem fica prejudicado \u00e9 o pequeno produtor. Eles est\u00e3o jogando fora frutas, legumes, carne, leite e at\u00e9 de ovos, j\u00e1 que os restaurantes, as feiras e a as [&hellip;]<\/p>\n","protected":false},"author":27,"featured_media":0,"comment_status":"open","ping_status":"closed","sticky":false,"template":"","format":"standard","meta":{"footnotes":""},"categories":[2719],"tags":[5249,4537,17342,5444,1767,1514,88,16451,17344,5423,1102,17345,17347,17346,1204,1485,9254,7929,17343,5519,17348,6374,1953],"class_list":["post-15835","post","type-post","status-publish","format-standard","hentry","category-servidor","tag-agronegocio","tag-alimentos","tag-andaterra","tag-carne","tag-credito","tag-debitos","tag-economia","tag-feiras","tag-frutas","tag-funrural","tag-juros","tag-legumes","tag-lei-9252-2017","tag-leite","tag-ovos","tag-pacote","tag-passivo","tag-pequeno","tag-produtor","tag-produtor-rural","tag-ral","tag-restaurantes","tag-selic"],"_links":{"self":[{"href":"https:\/\/blogs.correiobraziliense.com.br\/servidor\/wp-json\/wp\/v2\/posts\/15835","targetHints":{"allow":["GET"]}}],"collection":[{"href":"https:\/\/blogs.correiobraziliense.com.br\/servidor\/wp-json\/wp\/v2\/posts"}],"about":[{"href":"https:\/\/blogs.correiobraziliense.com.br\/servidor\/wp-json\/wp\/v2\/types\/post"}],"author":[{"embeddable":true,"href":"https:\/\/blogs.correiobraziliense.com.br\/servidor\/wp-json\/wp\/v2\/users\/27"}],"replies":[{"embeddable":true,"href":"https:\/\/blogs.correiobraziliense.com.br\/servidor\/wp-json\/wp\/v2\/comments?post=15835"}],"version-history":[{"count":1,"href":"https:\/\/blogs.correiobraziliense.com.br\/servidor\/wp-json\/wp\/v2\/posts\/15835\/revisions"}],"predecessor-version":[{"id":15836,"href":"https:\/\/blogs.correiobraziliense.com.br\/servidor\/wp-json\/wp\/v2\/posts\/15835\/revisions\/15836"}],"wp:attachment":[{"href":"https:\/\/blogs.correiobraziliense.com.br\/servidor\/wp-json\/wp\/v2\/media?parent=15835"}],"wp:term":[{"taxonomy":"category","embeddable":true,"href":"https:\/\/blogs.correiobraziliense.com.br\/servidor\/wp-json\/wp\/v2\/categories?post=15835"},{"taxonomy":"post_tag","embeddable":true,"href":"https:\/\/blogs.correiobraziliense.com.br\/servidor\/wp-json\/wp\/v2\/tags?post=15835"}],"curies":[{"name":"wp","href":"https:\/\/api.w.org\/{rel}","templated":true}]}}