{"id":15833,"date":"2020-04-20T16:34:39","date_gmt":"2020-04-20T19:34:39","guid":{"rendered":"https:\/\/blogs.correiobraziliense.com.br\/servidor\/?p=15833"},"modified":"2020-04-20T16:34:39","modified_gmt":"2020-04-20T19:34:39","slug":"centrais-sindicais-farao-1-de-maio-unificado-pela-internet","status":"publish","type":"post","link":"https:\/\/blogs.correiobraziliense.com.br\/servidor\/centrais-sindicais-farao-1-de-maio-unificado-pela-internet\/","title":{"rendered":"Centrais sindicais far\u00e3o 1\u00b0 de Maio unificado pela internet"},"content":{"rendered":"<p><em><strong>As centrais sindicais e movimentos sociais, ante a pandemia e em total respeito ao isolamento social imprescind\u00edvel ao combate do coronav\u00edrus, decidem realizar o 1\u00ba de Maio em formato in\u00e9dito de live<\/strong><\/em><\/p>\n<p>De acordo com a nota, com o mote \u201cSa\u00fade, Emprego, Renda: um novo mundo \u00e9 poss\u00edvel com solidariedade\u201d, o Dia do Trabalhador representa, para as centrais, data de reflex\u00e3o e de luta pela democracia, pelo direito de a classe trabalhadora ter um movimento sindical organizado, ouvido e respeitado.<\/p>\n<p>&#8220;O 1\u00ba de Maio unificado ter\u00e1 grade de apresenta\u00e7\u00f5es musicais, a partir das 10 horas, intercaladas pelas mensagens dos presidentes das centrais e de convidados dos movimentos sindical e popular&#8221;, assinala o documento.\u00a0A grade completa e todas as informa\u00e7\u00f5es e atualiza\u00e7\u00f5es sobre a Live do Trabalhador vai ser divulgada ao longo da semana, at\u00e9 1\u00ba de Maio.<\/p>\n","protected":false},"excerpt":{"rendered":"<p>As centrais sindicais e movimentos sociais, ante a pandemia e em total respeito ao isolamento social imprescind\u00edvel ao combate do coronav\u00edrus, decidem realizar o 1\u00ba de Maio em formato in\u00e9dito de live De acordo com a nota, com o mote \u201cSa\u00fade, Emprego, Renda: um novo mundo \u00e9 poss\u00edvel com solidariedade\u201d, o Dia do Trabalhador representa, para as centrais, data de [&hellip;]<\/p>\n","protected":false},"author":27,"featured_media":0,"comment_status":"open","ping_status":"closed","sticky":false,"template":"","format":"standard","meta":{"footnotes":""},"categories":[2719],"tags":[17339,1101,204,16896,197,2882,17340,17341,17255,358,616,2833,3625],"class_list":["post-15833","post","type-post","status-publish","format-standard","hentry","category-servidor","tag-1-de-maio","tag-centrais-sindicais","tag-combate","tag-coronavirus","tag-emprego","tag-internet","tag-isolamento-social","tag-live","tag-pandemia","tag-renda","tag-saude","tag-solidariedade","tag-unificado"],"_links":{"self":[{"href":"https:\/\/blogs.correiobraziliense.com.br\/servidor\/wp-json\/wp\/v2\/posts\/15833","targetHints":{"allow":["GET"]}}],"collection":[{"href":"https:\/\/blogs.correiobraziliense.com.br\/servidor\/wp-json\/wp\/v2\/posts"}],"about":[{"href":"https:\/\/blogs.correiobraziliense.com.br\/servidor\/wp-json\/wp\/v2\/types\/post"}],"author":[{"embeddable":true,"href":"https:\/\/blogs.correiobraziliense.com.br\/servidor\/wp-json\/wp\/v2\/users\/27"}],"replies":[{"embeddable":true,"href":"https:\/\/blogs.correiobraziliense.com.br\/servidor\/wp-json\/wp\/v2\/comments?post=15833"}],"version-history":[{"count":1,"href":"https:\/\/blogs.correiobraziliense.com.br\/servidor\/wp-json\/wp\/v2\/posts\/15833\/revisions"}],"predecessor-version":[{"id":15834,"href":"https:\/\/blogs.correiobraziliense.com.br\/servidor\/wp-json\/wp\/v2\/posts\/15833\/revisions\/15834"}],"wp:attachment":[{"href":"https:\/\/blogs.correiobraziliense.com.br\/servidor\/wp-json\/wp\/v2\/media?parent=15833"}],"wp:term":[{"taxonomy":"category","embeddable":true,"href":"https:\/\/blogs.correiobraziliense.com.br\/servidor\/wp-json\/wp\/v2\/categories?post=15833"},{"taxonomy":"post_tag","embeddable":true,"href":"https:\/\/blogs.correiobraziliense.com.br\/servidor\/wp-json\/wp\/v2\/tags?post=15833"}],"curies":[{"name":"wp","href":"https:\/\/api.w.org\/{rel}","templated":true}]}}