{"id":15821,"date":"2020-04-20T15:32:04","date_gmt":"2020-04-20T18:32:04","guid":{"rendered":"https:\/\/blogs.correiobraziliense.com.br\/servidor\/?p=15821"},"modified":"2020-04-20T15:32:04","modified_gmt":"2020-04-20T18:32:04","slug":"fonacate-repudia-participacao-de-jair-bolsonaro-em-ato-que-pede-novo-ai-5","status":"publish","type":"post","link":"https:\/\/blogs.correiobraziliense.com.br\/servidor\/fonacate-repudia-participacao-de-jair-bolsonaro-em-ato-que-pede-novo-ai-5\/","title":{"rendered":"Fonacate repudia participa\u00e7\u00e3o de Jair Bolsonaro em ato que pede novo AI-5"},"content":{"rendered":"<p><em><strong>O F\u00f3rum das Carreiras de Estado (Fonacate) divulgou nesta segunda-feira (20) nota p\u00fablica manifestando seu compromisso inarred\u00e1vel com os valores que fundamentam a Rep\u00fablica Federativa do Brasil, em rep\u00fadio aos atos de domingo, 19 de abril, por manifestantes com faixas e cartazes pedindo um novo Ato Institucional n\u00ba 5, fechamento do Supremo Tribunal Federal (STF) e do Congresso Nacional.<\/strong><\/em><\/p>\n<p>\u201cAtos antidemocr\u00e1ticos merecem rep\u00fadio, sobretudo, daqueles que consagraram suas vidas ao Servi\u00e7o P\u00fablico, e que no dia a dia lutam para assegurar aos brasileiros o exerc\u00edcio pleno dos direitos e garantias insculpidos na Constitui\u00e7\u00e3o Federal, dentre os quais destacam-se o direito \u00e0 vida e \u00e0 liberdade\u201d, destacou a nota.<\/p>\n<p>Veja a nota no link\u00a0<a href=\"https:\/\/fonacate.org.br\/v2\/noticia\/em-nota-fonacate-defende-estado-democratico-de-direito\/\">https:\/\/fonacate.org.br\/v2\/noticia\/em-nota-fonacate-defende-estado-democratico-de-direito\/<\/a><\/p>\n<p>&nbsp;<\/p>\n","protected":false},"excerpt":{"rendered":"<p>O F\u00f3rum das Carreiras de Estado (Fonacate) divulgou nesta segunda-feira (20) nota p\u00fablica manifestando seu compromisso inarred\u00e1vel com os valores que fundamentam a Rep\u00fablica Federativa do Brasil, em rep\u00fadio aos atos de domingo, 19 de abril, por manifestantes com faixas e cartazes pedindo um novo Ato Institucional n\u00ba 5, fechamento do Supremo Tribunal Federal (STF) e do Congresso Nacional. \u201cAtos [&hellip;]<\/p>\n","protected":false},"author":27,"featured_media":0,"comment_status":"open","ping_status":"closed","sticky":false,"template":"","format":"standard","meta":{"footnotes":""},"categories":[2719],"tags":[11568,651,164,881,693,82,37,1417,34],"class_list":["post-15821","post","type-post","status-publish","format-standard","hentry","category-servidor","tag-ai-5","tag-atos","tag-brasil","tag-compromisso","tag-congresso-nacional","tag-fonacate","tag-nota","tag-republica","tag-stf"],"_links":{"self":[{"href":"https:\/\/blogs.correiobraziliense.com.br\/servidor\/wp-json\/wp\/v2\/posts\/15821","targetHints":{"allow":["GET"]}}],"collection":[{"href":"https:\/\/blogs.correiobraziliense.com.br\/servidor\/wp-json\/wp\/v2\/posts"}],"about":[{"href":"https:\/\/blogs.correiobraziliense.com.br\/servidor\/wp-json\/wp\/v2\/types\/post"}],"author":[{"embeddable":true,"href":"https:\/\/blogs.correiobraziliense.com.br\/servidor\/wp-json\/wp\/v2\/users\/27"}],"replies":[{"embeddable":true,"href":"https:\/\/blogs.correiobraziliense.com.br\/servidor\/wp-json\/wp\/v2\/comments?post=15821"}],"version-history":[{"count":1,"href":"https:\/\/blogs.correiobraziliense.com.br\/servidor\/wp-json\/wp\/v2\/posts\/15821\/revisions"}],"predecessor-version":[{"id":15822,"href":"https:\/\/blogs.correiobraziliense.com.br\/servidor\/wp-json\/wp\/v2\/posts\/15821\/revisions\/15822"}],"wp:attachment":[{"href":"https:\/\/blogs.correiobraziliense.com.br\/servidor\/wp-json\/wp\/v2\/media?parent=15821"}],"wp:term":[{"taxonomy":"category","embeddable":true,"href":"https:\/\/blogs.correiobraziliense.com.br\/servidor\/wp-json\/wp\/v2\/categories?post=15821"},{"taxonomy":"post_tag","embeddable":true,"href":"https:\/\/blogs.correiobraziliense.com.br\/servidor\/wp-json\/wp\/v2\/tags?post=15821"}],"curies":[{"name":"wp","href":"https:\/\/api.w.org\/{rel}","templated":true}]}}