{"id":15812,"date":"2020-04-19T20:49:32","date_gmt":"2020-04-19T23:49:32","guid":{"rendered":"https:\/\/blogs.correiobraziliense.com.br\/servidor\/?p=15812"},"modified":"2020-04-19T20:49:32","modified_gmt":"2020-04-19T23:49:32","slug":"magistrados-contra-rompimento-da-ordem-democratica","status":"publish","type":"post","link":"https:\/\/blogs.correiobraziliense.com.br\/servidor\/magistrados-contra-rompimento-da-ordem-democratica\/","title":{"rendered":"Magistrados contra rompimento da ordem democr\u00e1tica"},"content":{"rendered":"<p><em><strong>Entidades de ju\u00edzes federais de v\u00e1rias partes do pa\u00eds afirmam que &#8220;n\u00e3o admitir\u00e3o qualquer retrocesso institucional ou o rompimento da ordem democr\u00e1tica&#8221;<\/strong><\/em><\/p>\n<p>Veja a nota:<\/p>\n<p>&#8220;A Associa\u00e7\u00e3o dos Ju\u00edzes Federais do Brasil (Ajufe) e as demais associa\u00e7\u00f5es abaixo-assinadas, representativas da Magistratura Federal Brasileira, destacam especial aten\u00e7\u00e3o para a gravidade do momento pelo qual passa o Brasil em raz\u00e3o da pandemia Covid-19.<\/p>\n<p>Assim, pedem que as autoridades p\u00fablicas se unam em torno do bem maior que \u00e9 a preserva\u00e7\u00e3o da paz em nossa sociedade, evitando pol\u00eamicas desnecess\u00e1rias que possam gerar s\u00e9rias crises institucionais.<\/p>\n<p>A Rep\u00fablica Federativa do Brasil constitui-se em Estado Democr\u00e1tico de Direito e tem como fundamentos a soberania, a cidadania, a dignidade da pessoa humana, os valores sociais do trabalho, da livre iniciativa e o pluralismo pol\u00edtico.<\/p>\n<p>O respeito \u00e0 democracia, \u00e0 independ\u00eancia dos poderes e \u00e0 Constitui\u00e7\u00e3o Federal \u00e9 o \u00fanico caminho para o desenvolvimento de uma sociedade livre, justa e solid\u00e1ria.<\/p>\n<p>Ju\u00edzes e Ju\u00edzas federais n\u00e3o admitir\u00e3o qualquer retrocesso institucional ou o rompimento da ordem democr\u00e1tica.<\/p>\n<p>Bras\u00edlia, 19 de abril de 2020<\/p>\n<p>AJUFE \u2013 Associa\u00e7\u00e3o dos Ju\u00edzes Federais do Brasil<\/p>\n<p>AJUFER \u2013 Associa\u00e7\u00e3o dos Ju\u00edzes Federais da Primeira Regi\u00e3o<br \/>\nAJUFESP \u2013 Associa\u00e7\u00e3o dos Ju\u00edzes Federais de S\u00e3o Paulo e Mato Grosso do Sul<br \/>\nAJUFERJES \u2013 Associa\u00e7\u00e3o dos Ju\u00edzes Federais do Rio de Janeiro e Esp\u00edrito Santo<br \/>\nAJUFEMG \u2013 Associa\u00e7\u00e3o dos Ju\u00edzes Federais de Minas Gerais<br \/>\nAJUFERGS \u2013 Associa\u00e7\u00e3o dos Ju\u00edzes Federais do Rio Grande do Sul&#8221;<\/p>\n","protected":false},"excerpt":{"rendered":"<p>Entidades de ju\u00edzes federais de v\u00e1rias partes do pa\u00eds afirmam que &#8220;n\u00e3o admitir\u00e3o qualquer retrocesso institucional ou o rompimento da ordem democr\u00e1tica&#8221; Veja a nota: &#8220;A Associa\u00e7\u00e3o dos Ju\u00edzes Federais do Brasil (Ajufe) e as demais associa\u00e7\u00f5es abaixo-assinadas, representativas da Magistratura Federal Brasileira, destacam especial aten\u00e7\u00e3o para a gravidade do momento pelo qual passa o Brasil em raz\u00e3o da pandemia [&hellip;]<\/p>\n","protected":false},"author":27,"featured_media":0,"comment_status":"open","ping_status":"closed","sticky":false,"template":"","format":"standard","meta":{"footnotes":""},"categories":[2719],"tags":[1935,439,17256,8305,1576,1922,59,8228,2138,344,621,1945,17255,7373,705,3859],"class_list":["post-15812","post","type-post","status-publish","format-standard","hentry","category-servidor","tag-autoridades","tag-cidadania","tag-covid-19","tag-crises","tag-democratica","tag-dignidade","tag-federais","tag-gravidade","tag-institucional","tag-juizes","tag-magistrados","tag-ordem","tag-pandemia","tag-polemicas","tag-retrocesso","tag-soberania"],"_links":{"self":[{"href":"https:\/\/blogs.correiobraziliense.com.br\/servidor\/wp-json\/wp\/v2\/posts\/15812","targetHints":{"allow":["GET"]}}],"collection":[{"href":"https:\/\/blogs.correiobraziliense.com.br\/servidor\/wp-json\/wp\/v2\/posts"}],"about":[{"href":"https:\/\/blogs.correiobraziliense.com.br\/servidor\/wp-json\/wp\/v2\/types\/post"}],"author":[{"embeddable":true,"href":"https:\/\/blogs.correiobraziliense.com.br\/servidor\/wp-json\/wp\/v2\/users\/27"}],"replies":[{"embeddable":true,"href":"https:\/\/blogs.correiobraziliense.com.br\/servidor\/wp-json\/wp\/v2\/comments?post=15812"}],"version-history":[{"count":1,"href":"https:\/\/blogs.correiobraziliense.com.br\/servidor\/wp-json\/wp\/v2\/posts\/15812\/revisions"}],"predecessor-version":[{"id":15813,"href":"https:\/\/blogs.correiobraziliense.com.br\/servidor\/wp-json\/wp\/v2\/posts\/15812\/revisions\/15813"}],"wp:attachment":[{"href":"https:\/\/blogs.correiobraziliense.com.br\/servidor\/wp-json\/wp\/v2\/media?parent=15812"}],"wp:term":[{"taxonomy":"category","embeddable":true,"href":"https:\/\/blogs.correiobraziliense.com.br\/servidor\/wp-json\/wp\/v2\/categories?post=15812"},{"taxonomy":"post_tag","embeddable":true,"href":"https:\/\/blogs.correiobraziliense.com.br\/servidor\/wp-json\/wp\/v2\/tags?post=15812"}],"curies":[{"name":"wp","href":"https:\/\/api.w.org\/{rel}","templated":true}]}}