{"id":15799,"date":"2020-04-18T01:49:45","date_gmt":"2020-04-18T04:49:45","guid":{"rendered":"https:\/\/blogs.correiobraziliense.com.br\/servidor\/?p=15799"},"modified":"2020-04-18T01:49:45","modified_gmt":"2020-04-18T04:49:45","slug":"sabado-tem-entrevista-ao-vivo-com-senador-paulo-paim","status":"publish","type":"post","link":"https:\/\/blogs.correiobraziliense.com.br\/servidor\/sabado-tem-entrevista-ao-vivo-com-senador-paulo-paim\/","title":{"rendered":"S\u00e1bado tem entrevista ao vivo com senador Paulo Paim"},"content":{"rendered":"<p><em>Neste s\u00e1bado (18\/4), \u00e0s 10 horas, ocorrer\u00e1 entrevista ao vivo da Ag\u00eancia Servidores com o senador Paulo Paim. Poder\u00e1 ser acompanhada de forma interativa pelo Facebook e Youtube<\/em><\/p>\n<p><img loading=\"lazy\" decoding=\"async\" class=\"alignright size-large wp-image-15802\" src=\"https:\/\/blogs.correiobraziliense.com.br\/servidor\/wp-content\/uploads\/sites\/10\/2020\/04\/Paim-1024x1024.jpg\" alt=\"\" width=\"1024\" height=\"1024\" \/><\/p>\n<p>A entrevista inicia nova s\u00e9rie idealizada pela Ag\u00eancia Servidores, ao vivo para o online, a participa\u00e7\u00e3o de parlamentares e personalidades &#8211; e tamb\u00e9m dos internautas em geral -, que responder\u00e3o perguntas da reda\u00e7\u00e3o da Ag\u00eancia.<\/p>\n<p>Acompanhe a entrevista do senador Paulo Paim por estes links:<\/p>\n<p>Facebook Ag\u00eancia Servidores :<br \/>\nhttps:\/\/www.facebook.com\/agenciaservidores\/<\/p>\n<p>YouTube Ag\u00eancia Servidores:<br \/>\nhttps:\/\/www.youtube.com\/channel\/UCapbal_xWv10ALx7peKo3fw?<\/p>\n","protected":false},"excerpt":{"rendered":"<p>Neste s\u00e1bado (18\/4), \u00e0s 10 horas, ocorrer\u00e1 entrevista ao vivo da Ag\u00eancia Servidores com o senador Paulo Paim. Poder\u00e1 ser acompanhada de forma interativa pelo Facebook e Youtube A entrevista inicia nova s\u00e9rie idealizada pela Ag\u00eancia Servidores, ao vivo para o online, a participa\u00e7\u00e3o de parlamentares e personalidades &#8211; e tamb\u00e9m dos internautas em geral -, que responder\u00e3o perguntas da [&hellip;]<\/p>\n","protected":false},"author":27,"featured_media":0,"comment_status":"open","ping_status":"closed","sticky":false,"template":"","format":"standard","meta":{"footnotes":""},"categories":[2719],"tags":[17326,2208,7280,4658,268,17325],"class_list":["post-15799","post","type-post","status-publish","format-standard","hentry","category-servidor","tag-agencia-servidores","tag-entrevista","tag-internautas","tag-online","tag-parlamentares","tag-senador-paulo-paim"],"_links":{"self":[{"href":"https:\/\/blogs.correiobraziliense.com.br\/servidor\/wp-json\/wp\/v2\/posts\/15799","targetHints":{"allow":["GET"]}}],"collection":[{"href":"https:\/\/blogs.correiobraziliense.com.br\/servidor\/wp-json\/wp\/v2\/posts"}],"about":[{"href":"https:\/\/blogs.correiobraziliense.com.br\/servidor\/wp-json\/wp\/v2\/types\/post"}],"author":[{"embeddable":true,"href":"https:\/\/blogs.correiobraziliense.com.br\/servidor\/wp-json\/wp\/v2\/users\/27"}],"replies":[{"embeddable":true,"href":"https:\/\/blogs.correiobraziliense.com.br\/servidor\/wp-json\/wp\/v2\/comments?post=15799"}],"version-history":[{"count":1,"href":"https:\/\/blogs.correiobraziliense.com.br\/servidor\/wp-json\/wp\/v2\/posts\/15799\/revisions"}],"predecessor-version":[{"id":15803,"href":"https:\/\/blogs.correiobraziliense.com.br\/servidor\/wp-json\/wp\/v2\/posts\/15799\/revisions\/15803"}],"wp:attachment":[{"href":"https:\/\/blogs.correiobraziliense.com.br\/servidor\/wp-json\/wp\/v2\/media?parent=15799"}],"wp:term":[{"taxonomy":"category","embeddable":true,"href":"https:\/\/blogs.correiobraziliense.com.br\/servidor\/wp-json\/wp\/v2\/categories?post=15799"},{"taxonomy":"post_tag","embeddable":true,"href":"https:\/\/blogs.correiobraziliense.com.br\/servidor\/wp-json\/wp\/v2\/tags?post=15799"}],"curies":[{"name":"wp","href":"https:\/\/api.w.org\/{rel}","templated":true}]}}