{"id":15797,"date":"2020-04-17T17:52:34","date_gmt":"2020-04-17T20:52:34","guid":{"rendered":"https:\/\/blogs.correiobraziliense.com.br\/servidor\/?p=15797"},"modified":"2020-04-17T17:52:59","modified_gmt":"2020-04-17T20:52:59","slug":"servidores-que-nao-mandaram-oficio-para-a-febraban-talvez-nao-consigam-postergar-parcelas-do-consignado","status":"publish","type":"post","link":"https:\/\/blogs.correiobraziliense.com.br\/servidor\/servidores-que-nao-mandaram-oficio-para-a-febraban-talvez-nao-consigam-postergar-parcelas-do-consignado\/","title":{"rendered":"Servidores que n\u00e3o mandaram of\u00edcio para a Febraban talvez n\u00e3o consigam postergar parcelas do consignado"},"content":{"rendered":"<p><em><strong>Funcion\u00e1rios p\u00fablicos que n\u00e3o enviaram, hoje (17), o oficio para o e-mail da Federa\u00e7\u00e3o Brasileira dos Bancos (Febraban &#8211; secretaria.geral@febraban.org.br) com o pedido de posterga\u00e7\u00e3o dos pagamentos das pr\u00f3ximas tr\u00eas parcelas do cr\u00e9dito consignado, j\u00e1 a partir de abril, podem n\u00e3o conseguir o benef\u00edcio agora<\/strong><\/em><\/p>\n<p>As folhas de pagamentos costumam fechar j\u00e1 na semana que vem e pode n\u00e3o haver tempo h\u00e1bil para os bancos tomarem as devidas providencias. &#8220;Ent\u00e3o nesse m\u00eas deixar\u00edamos de injetar na economia aproximadamente R$ 10 bilh\u00f5es. O texto de sugest\u00e3o est\u00e1 pronto e f\u00e1cil de enviar. Basta colocar no papel timbrado e inserir a assinatura da sua entidade&#8221;, alerta a Confedera\u00e7\u00e3o Nacional dos Servidores P\u00fablicos (Conacate).<\/p>\n<p>Veja a modelo:<\/p>\n<p>&#8220;Oficio \u2013 xxx<br \/>\nIlmo<br \/>\nSr Isaac Sidney.<br \/>\nMD Presidente da FEBRABAN \u2013 Federa\u00e7\u00e3o Brasileira de Bancos<br \/>\nSecretaria.geral@febraban.org.br<br \/>\nSetores P\u00fablico e Privado, Trabalhadores e Empres\u00e1rios, pela Economia e pela Sa\u00fade.<\/p>\n<p>A presente manifesta\u00e7\u00e3o se destina aos Agentes Financeiros, por sua entidade representativa FEBRABAN.<br \/>\nUne os setores acima, excepcionalmente e com espec\u00edfico objetivo &#8211; Injetar recursos emergenciais na Economia, sem\u00a0preju\u00edzo dos agentes financeiros e das recomenda\u00e7\u00f5es sociais, observados:<br \/>\n1 \u2013 A modalidade de Empr\u00e9stimos Consignados \u00e9 consagrada como linha de cr\u00e9dito de baix\u00edssimo risco, f\u00e1cil\u00a0acessibilidade e melhores condi\u00e7\u00f5es, e isto deve ser preservado;<br \/>\n2 \u2013 Entes federados, institui\u00e7\u00f5es, entidades, empresas e pessoas f\u00edsicas come\u00e7am a tomar medidas administrativas,\u00a0judiciais ou individuais para remanejar as pr\u00f3ximas tr\u00eas a seis parcelas de seus empr\u00e9stimos para o final dos\u00a0respectivos contratos. At\u00e9 mesmo alguns Bancos j\u00e1 divulgam essa possibilidade aos clientes;<br \/>\n3 \u2013 Tais medidas n\u00e3o visam o n\u00e3o pagamento das obriga\u00e7\u00f5es nem nova\u00e7\u00e3o contratual \u2013 esta sim, individual, mas um\u00a0necess\u00e1rio f\u00f4lego emergencial a fam\u00edlias inteiras que disto dependem, por seus idosos ou principais mantenedores,\u00a0quando n\u00e3o como principal fonte econ\u00f4mica de munic\u00edpios inteiros. Registre-se que empresas t\u00eam publicamente\u00a0assegurado a manuten\u00e7\u00e3o dos seus colaboradores e o grande p\u00fablico que percebe aposentadorias e os servidores\u00a0p\u00fablicos que, por sua condi\u00e7\u00e3o e v\u00ednculo, n\u00e3o oferecem afeta\u00e7\u00e3o ao risco originalmente contratado;<br \/>\n4 \u2013 Tomadas de per si, tais medidas significam um sem-n\u00famero de a\u00e7\u00f5es e\/ou medidas administrativas, espalhadas por\u00a0todo o Brasil, com desenhos diversos, al\u00e9m de milh\u00f5es de pessoas se mobilizando individualmente com as sabidas\u00a0dificuldades de \u00eaxito.<br \/>\nIsto posto, pede-se \u00e0 FEBRABAN agir de forma sist\u00eamica, coordenando este processo que o tornaria de<br \/>\ninigual\u00e1vel facilidade de operacionaliza\u00e7\u00e3o, tanto para os bancos como para as Folhas de Pagamentos. E que j\u00e1 o fa\u00e7a\u00a0para o fechamento das folhas relativas ao m\u00eas de abril que, em muitos casos, j\u00e1 acontece a partir da semana de 20 a\u00a024 pr\u00f3ximos.<\/p>\n<p>Brasil, 17 de abril de 2020. 38\u00ba. Dia da declara\u00e7\u00e3o da Pandemia mundial.<\/p>\n<p>Presidente ( ASSINATURA)<\/p>\n","protected":false},"excerpt":{"rendered":"<p>Funcion\u00e1rios p\u00fablicos que n\u00e3o enviaram, hoje (17), o oficio para o e-mail da Federa\u00e7\u00e3o Brasileira dos Bancos (Febraban &#8211; secretaria.geral@febraban.org.br) com o pedido de posterga\u00e7\u00e3o dos pagamentos das pr\u00f3ximas tr\u00eas parcelas do cr\u00e9dito consignado, j\u00e1 a partir de abril, podem n\u00e3o conseguir o benef\u00edcio agora As folhas de pagamentos costumam fechar j\u00e1 na semana que vem e pode n\u00e3o haver [&hellip;]<\/p>\n","protected":false},"author":27,"featured_media":0,"comment_status":"open","ping_status":"closed","sticky":false,"template":"","format":"standard","meta":{"footnotes":""},"categories":[2719],"tags":[744,5311,12890,88,1445,4236,8133,58],"class_list":["post-15797","post","type-post","status-publish","format-standard","hentry","category-servidor","tag-bancos","tag-conacate","tag-credito-consignado","tag-economia","tag-febraban","tag-folha-de-pagamento","tag-oficio","tag-servidores"],"_links":{"self":[{"href":"https:\/\/blogs.correiobraziliense.com.br\/servidor\/wp-json\/wp\/v2\/posts\/15797","targetHints":{"allow":["GET"]}}],"collection":[{"href":"https:\/\/blogs.correiobraziliense.com.br\/servidor\/wp-json\/wp\/v2\/posts"}],"about":[{"href":"https:\/\/blogs.correiobraziliense.com.br\/servidor\/wp-json\/wp\/v2\/types\/post"}],"author":[{"embeddable":true,"href":"https:\/\/blogs.correiobraziliense.com.br\/servidor\/wp-json\/wp\/v2\/users\/27"}],"replies":[{"embeddable":true,"href":"https:\/\/blogs.correiobraziliense.com.br\/servidor\/wp-json\/wp\/v2\/comments?post=15797"}],"version-history":[{"count":1,"href":"https:\/\/blogs.correiobraziliense.com.br\/servidor\/wp-json\/wp\/v2\/posts\/15797\/revisions"}],"predecessor-version":[{"id":15798,"href":"https:\/\/blogs.correiobraziliense.com.br\/servidor\/wp-json\/wp\/v2\/posts\/15797\/revisions\/15798"}],"wp:attachment":[{"href":"https:\/\/blogs.correiobraziliense.com.br\/servidor\/wp-json\/wp\/v2\/media?parent=15797"}],"wp:term":[{"taxonomy":"category","embeddable":true,"href":"https:\/\/blogs.correiobraziliense.com.br\/servidor\/wp-json\/wp\/v2\/categories?post=15797"},{"taxonomy":"post_tag","embeddable":true,"href":"https:\/\/blogs.correiobraziliense.com.br\/servidor\/wp-json\/wp\/v2\/tags?post=15797"}],"curies":[{"name":"wp","href":"https:\/\/api.w.org\/{rel}","templated":true}]}}