{"id":15785,"date":"2020-04-17T12:03:33","date_gmt":"2020-04-17T15:03:33","guid":{"rendered":"https:\/\/blogs.correiobraziliense.com.br\/servidor\/?p=15785"},"modified":"2020-04-17T12:03:33","modified_gmt":"2020-04-17T15:03:33","slug":"deputada-benedita-da-silva-apresenta-projeto-que-cria-pensao-especial-vitalicia-para-os-profissionais-de-saude-vitimas-da-covid-19","status":"publish","type":"post","link":"https:\/\/blogs.correiobraziliense.com.br\/servidor\/deputada-benedita-da-silva-apresenta-projeto-que-cria-pensao-especial-vitalicia-para-os-profissionais-de-saude-vitimas-da-covid-19\/","title":{"rendered":"Deputada Benedita da Silva apresenta projeto que cria pens\u00e3o especial vital\u00edcia para os profissionais de sa\u00fade v\u00edtimas da Covid-19"},"content":{"rendered":"<p><strong>A pedido da CUT\/RJ e dos sindicatos da sa\u00fade do Rio de Janeiro, a deputada Federal Benedita da Silva (PT\/RJ) apresentou, ontem, na C\u00e2mara dos Deputados o Projeto de Lei 1943\/2020, que reconhece o falecimento, em virtude da Covid-19 contra\u00edda por servidor p\u00fablico civil, militar, e demais profissionais da \u00e1rea da sa\u00fade vinculados ao Regime Geral de Previd\u00eancia, no exerc\u00edcio de suas atribui\u00e7\u00f5es, como acidente em servi\u00e7o para fins de pagamento de pens\u00e3o especial vital\u00edcia<\/strong><\/p>\n<p>De acordo com o PL, a\u00a0pens\u00e3o especial vital\u00edcia ser\u00e1\u00a0igual ao valor da \u00faltima remunera\u00e7\u00e3o recebida e n\u00e3o levando em considera\u00e7\u00e3o a idade do\u00a0c\u00f4njuge para o fim do benef\u00edcio. Na justificativa, Benedita da Silva destaca que &#8220;a\u00a0estes her\u00f3is a p\u00e1tria deve expressar a gratid\u00e3o por relevantes servi\u00e7os\u00a0entregues ao povo brasileiro com perecimento da pr\u00f3pria vida, concedendo aos seus\u00a0dependentes pens\u00f5es especiais&#8221;. Diz ainda que, a\u00a0guerra contra ao Covid-19 vem requerendo esfor\u00e7os supremos para que futuras<br \/>\ngera\u00e7\u00f5es possam viver em seguran\u00e7a.<\/p>\n<p>Sandro Alex de Oliveira C\u00e9zar, presidente da CUT-RJ e da Confedera\u00e7\u00e3o Nacional dos Trabalhadores em Sa\u00fade e Previd\u00eancia Social (CNTSS), refor\u00e7a que agora \u00e9 importante a mobiliza\u00e7\u00e3o pelas redes para que o projeto seja votado e aprovado o mais r\u00e1pido poss\u00edvel. &#8220;Pois precisamos mais do que palmas nas janelas, que muitos nos orgulharam. Que o Congresso Nacional fa\u00e7a justi\u00e7a aos trabalhadores da sa\u00fade que perderem as suas vidas na batalha contra o Coronav\u00edrus&#8221;.<\/p>\n<p>&nbsp;<\/p>\n","protected":false},"excerpt":{"rendered":"<p>A pedido da CUT\/RJ e dos sindicatos da sa\u00fade do Rio de Janeiro, a deputada Federal Benedita da Silva (PT\/RJ) apresentou, ontem, na C\u00e2mara dos Deputados o Projeto de Lei 1943\/2020, que reconhece o falecimento, em virtude da Covid-19 contra\u00edda por servidor p\u00fablico civil, militar, e demais profissionais da \u00e1rea da sa\u00fade vinculados ao Regime Geral de Previd\u00eancia, no exerc\u00edcio [&hellip;]<\/p>\n","protected":false},"author":27,"featured_media":0,"comment_status":"open","ping_status":"closed","sticky":false,"template":"","format":"standard","meta":{"footnotes":""},"categories":[2719],"tags":[5257,17310,386,1319,1062,17256,16550,4466,6714,1475,4623,829,17312,17311,1620,590,616,208,8,3801,19],"class_list":["post-15785","post","type-post","status-publish","format-standard","hentry","category-servidor","tag-acidentes","tag-benedita-da-silva","tag-beneficio","tag-civil","tag-cntss","tag-covid-19","tag-cut-rj","tag-deputada","tag-falecimento","tag-geracoes","tag-militar","tag-parlamentar","tag-pensao-especial-vitalicia","tag-pl-1943-20","tag-remuneracao","tag-rgps","tag-saude","tag-seguranca","tag-servidor","tag-sindicatos","tag-trabalhadores"],"_links":{"self":[{"href":"https:\/\/blogs.correiobraziliense.com.br\/servidor\/wp-json\/wp\/v2\/posts\/15785","targetHints":{"allow":["GET"]}}],"collection":[{"href":"https:\/\/blogs.correiobraziliense.com.br\/servidor\/wp-json\/wp\/v2\/posts"}],"about":[{"href":"https:\/\/blogs.correiobraziliense.com.br\/servidor\/wp-json\/wp\/v2\/types\/post"}],"author":[{"embeddable":true,"href":"https:\/\/blogs.correiobraziliense.com.br\/servidor\/wp-json\/wp\/v2\/users\/27"}],"replies":[{"embeddable":true,"href":"https:\/\/blogs.correiobraziliense.com.br\/servidor\/wp-json\/wp\/v2\/comments?post=15785"}],"version-history":[{"count":1,"href":"https:\/\/blogs.correiobraziliense.com.br\/servidor\/wp-json\/wp\/v2\/posts\/15785\/revisions"}],"predecessor-version":[{"id":15786,"href":"https:\/\/blogs.correiobraziliense.com.br\/servidor\/wp-json\/wp\/v2\/posts\/15785\/revisions\/15786"}],"wp:attachment":[{"href":"https:\/\/blogs.correiobraziliense.com.br\/servidor\/wp-json\/wp\/v2\/media?parent=15785"}],"wp:term":[{"taxonomy":"category","embeddable":true,"href":"https:\/\/blogs.correiobraziliense.com.br\/servidor\/wp-json\/wp\/v2\/categories?post=15785"},{"taxonomy":"post_tag","embeddable":true,"href":"https:\/\/blogs.correiobraziliense.com.br\/servidor\/wp-json\/wp\/v2\/tags?post=15785"}],"curies":[{"name":"wp","href":"https:\/\/api.w.org\/{rel}","templated":true}]}}