{"id":15776,"date":"2020-04-16T18:04:17","date_gmt":"2020-04-16T21:04:17","guid":{"rendered":"https:\/\/blogs.correiobraziliense.com.br\/servidor\/?p=15776"},"modified":"2020-04-16T18:08:17","modified_gmt":"2020-04-16T21:08:17","slug":"coronavirus-6-coisas-para-nao-fazer-com-o-auxilio-emergencial-de-r-600","status":"publish","type":"post","link":"https:\/\/blogs.correiobraziliense.com.br\/servidor\/coronavirus-6-coisas-para-nao-fazer-com-o-auxilio-emergencial-de-r-600\/","title":{"rendered":"Coronav\u00edrus &#8211; 6 coisas para n\u00e3o fazer com o aux\u00edlio emergencial de R$ 600"},"content":{"rendered":"<p><em><strong>Financista d\u00e1 dicas de como preservar o benef\u00edcio para amenizar impactos econ\u00f4micos do novo coronav\u00edrus<\/strong><\/em><\/p>\n<p>O governo Federal liberou a primeira parcela do aux\u00edlio emergencial na \u00faltima quinta-feira. Para usufruir do benef\u00edcio \u00e9 necess\u00e1rio ser trabalhador aut\u00f4nomo maior de 18 anos, prestador de servi\u00e7o como Microempreendedor Individual (MEI),\u00a0 trabalhador informal inscrito no Cad\u00danico at\u00e9 20 de mar\u00e7o, e n\u00e3o receber outros benef\u00edcios, como aposentadoria, seguro-desemprego &#8211; exce\u00e7\u00e3o do programa Bolsa Fam\u00edlia. Mais de 32,2 milh\u00f5es de trabalhadores se registraram, segundo informa\u00e7\u00f5es da Caixa Econ\u00f4mica.<\/p>\n<p>Em meio \u00e0 pandemia do coronav\u00edrus, as atividades dos com\u00e9rcios est\u00e3o suspensas, com grandes impactos na economia com o desemprego. A desonera\u00e7\u00e3o chega a 11,6% e atinge cerca de 12,3 milh\u00f5es de pessoas. Com isso, os cidad\u00e3os est\u00e3o cada vez mais confusos e desestabilizados, at\u00e9 mesmo com o que poder\u00e3o fazer com R$ 600,00 o aux\u00edlio emergencial. Fabrizio Gueratto, financista do Canal 1Bilh\u00e3o Educa\u00e7\u00e3o Financeira, descreve 6 indica\u00e7\u00f5es do que n\u00e3o fazer com o dinheiro, para n\u00e3o resultar em poss\u00edveis d\u00edvidas futuras.<\/p>\n<p><strong>Indica\u00e7\u00f5es:<\/strong><\/p>\n<p><em>1\u00b0 &#8211; N\u00e3o emprestar o dinheiro<\/em><\/p>\n<p>Embora muitas pessoas estejam passando por situa\u00e7\u00f5es desconfort\u00e1veis, n\u00e3o \u00e9 recomendado dispor desse dinheiro para outras pessoas; \u00c9 necess\u00e1rio cautela. Se n\u00e3o tem uma vida financeira confort\u00e1vel, guarde para usufruir futuramente.<\/p>\n<p><em>2\u00b0 Gastos sup\u00e9rfluos<\/em><\/p>\n<p>H\u00e1 momento para tudo, e nos tempos atuais, gastos com itens sup\u00e9rfluos n\u00e3o s\u00e3o prioridades. Todos deveriam fazer um \u201cespelho financeiro\u201d: verificar e saber como o dinheiro que entra e em que ele \u00e9 gasto.<\/p>\n<p><em>3\u00b0 Realiza\u00e7\u00e3o de sonhos<\/em><\/p>\n<p>Todas as pessoas t\u00eam sonhos e objetivos, e claramente, querem concretiz\u00e1-los. Mas, nessa situa\u00e7\u00e3o atual, o ideal \u00e9 esperar o fim da pandemia.<\/p>\n<p><em>4\u00b0 Retirar o dinheiro sem ter necessidade<\/em><\/p>\n<p>Se voc\u00ea n\u00e3o tem uma necessidade extremamente urgente, n\u00e3o retire o dinheiro por ora. Embora j\u00e1 esteja na sua conta, n\u00e3o \u00e9 obrigat\u00f3rio usar. Tenha autocontrole e aguarde.<\/p>\n<p><em>5\u00b0 Endividar<\/em><\/p>\n<p>Parcelar suas compras, sem dinheiro sobrando, \u00e9 um gasto completamente desnecess\u00e1rio. Este ato pode resultar em mais d\u00edvidas.<\/p>\n<p><em>6\u00b0 Brincar de cassino<\/em><\/p>\n<p>\u00c9 necess\u00e1rio entender e conhecer o mercado financeiro e fazer um planejamento. n\u00e3o acredite em grandes e r\u00e1pidos retornos, como pir\u00e2mides financeiras que prometem alta lucratividade em um curto espa\u00e7o de tempo. No mundo dos investimentos, n\u00e3o existem milagres.<\/p>\n","protected":false},"excerpt":{"rendered":"<p>Financista d\u00e1 dicas de como preservar o benef\u00edcio para amenizar impactos econ\u00f4micos do novo coronav\u00edrus O governo Federal liberou a primeira parcela do aux\u00edlio emergencial na \u00faltima quinta-feira. Para usufruir do benef\u00edcio \u00e9 necess\u00e1rio ser trabalhador aut\u00f4nomo maior de 18 anos, prestador de servi\u00e7o como Microempreendedor Individual (MEI),\u00a0 trabalhador informal inscrito no Cad\u00danico at\u00e9 20 de mar\u00e7o, e n\u00e3o receber [&hellip;]<\/p>\n","protected":false},"author":27,"featured_media":0,"comment_status":"open","ping_status":"closed","sticky":false,"template":"","format":"standard","meta":{"footnotes":""},"categories":[2719],"tags":[6,17262,386,709,17301,4943,16896,17256,3396,7312,1522,4523,1140,3088],"class_list":["post-15776","post","type-post","status-publish","format-standard","hentry","category-servidor","tag-aposentadoria","tag-auxilio-emergencial","tag-beneficio","tag-bolsa-familia","tag-cadunico","tag-caixa-economica","tag-coronavirus","tag-covid-19","tag-desoneracao","tag-economicos","tag-governo-federal","tag-impactos","tag-seguro-desemprego","tag-trabalhador"],"_links":{"self":[{"href":"https:\/\/blogs.correiobraziliense.com.br\/servidor\/wp-json\/wp\/v2\/posts\/15776","targetHints":{"allow":["GET"]}}],"collection":[{"href":"https:\/\/blogs.correiobraziliense.com.br\/servidor\/wp-json\/wp\/v2\/posts"}],"about":[{"href":"https:\/\/blogs.correiobraziliense.com.br\/servidor\/wp-json\/wp\/v2\/types\/post"}],"author":[{"embeddable":true,"href":"https:\/\/blogs.correiobraziliense.com.br\/servidor\/wp-json\/wp\/v2\/users\/27"}],"replies":[{"embeddable":true,"href":"https:\/\/blogs.correiobraziliense.com.br\/servidor\/wp-json\/wp\/v2\/comments?post=15776"}],"version-history":[{"count":1,"href":"https:\/\/blogs.correiobraziliense.com.br\/servidor\/wp-json\/wp\/v2\/posts\/15776\/revisions"}],"predecessor-version":[{"id":15777,"href":"https:\/\/blogs.correiobraziliense.com.br\/servidor\/wp-json\/wp\/v2\/posts\/15776\/revisions\/15777"}],"wp:attachment":[{"href":"https:\/\/blogs.correiobraziliense.com.br\/servidor\/wp-json\/wp\/v2\/media?parent=15776"}],"wp:term":[{"taxonomy":"category","embeddable":true,"href":"https:\/\/blogs.correiobraziliense.com.br\/servidor\/wp-json\/wp\/v2\/categories?post=15776"},{"taxonomy":"post_tag","embeddable":true,"href":"https:\/\/blogs.correiobraziliense.com.br\/servidor\/wp-json\/wp\/v2\/tags?post=15776"}],"curies":[{"name":"wp","href":"https:\/\/api.w.org\/{rel}","templated":true}]}}