{"id":15751,"date":"2020-04-15T18:16:50","date_gmt":"2020-04-15T21:16:50","guid":{"rendered":"https:\/\/blogs.correiobraziliense.com.br\/servidor\/?p=15751"},"modified":"2020-04-15T18:22:51","modified_gmt":"2020-04-15T21:22:51","slug":"reajuste-de-planos-de-saude-dos-funcionarios-da-camara-dos-deputados-sera-adiado","status":"publish","type":"post","link":"https:\/\/blogs.correiobraziliense.com.br\/servidor\/reajuste-de-planos-de-saude-dos-funcionarios-da-camara-dos-deputados-sera-adiado\/","title":{"rendered":"Reajuste de planos de sa\u00fade dos funcion\u00e1rios da C\u00e2mara dos Deputados ser\u00e1 adiado"},"content":{"rendered":"<p><em>Segundo informa\u00e7\u00f5es da operadora dos planos de sa\u00fade, a AllCare, em resposta \u00e0 nota publicada no <a href=\"https:\/\/blogs.correiobraziliense.com.br\/servidor\/servidores-da-camara-tem-reajuste-de-quase-14-nos-planos-de-saude\/\">Blog do Servidor<\/a>, o aumento de quase 14% est\u00e1 suspenso e sendo negociado<\/em><\/p>\n<p>Para os servidores, a administradora esclareceu que os novos boletos para o pagamento da mensalidade do m\u00eas de maio de 2020 ser\u00e3o encaminhados aos benefici\u00e1rios, &#8220;sem incid\u00eancia de aumento, e poder\u00e3o tamb\u00e9m ser emitidos por meio do site da administradora: www.allcare.com.br&#8221;.<\/p>\n<p>Veja a nota:<\/p>\n<p>&#8220;Em rela\u00e7\u00e3o \u00e0 not\u00edcia publicada nessa 3\u00aa feira, 14 de abril, a AllCare informa que cumpriu os ritos exigidos pela legisla\u00e7\u00e3o ao comunicar aos servidores da C\u00e2mara dos Deputados sobre a renova\u00e7\u00e3o do contrato de plano de assist\u00eancia \u00e0 sa\u00fade.<\/p>\n<p>A empresa ressalta, entretanto, que tendo em vista a seriedade do momento por que atravessa o pa\u00eds, o reajuste est\u00e1 suspenso por prazo que est\u00e1 sendo negociado, sem qualquer cobran\u00e7a retroativa ao per\u00edodo em que ficar suspenso.<\/p>\n<p>Dessa forma, a AllCare refor\u00e7a o seu comprometimento em cumprir com a sua fun\u00e7\u00e3o na busca incessante do melhor para os seus clientes.<\/p>\n<p>ALLCARE ADMINISTRADORA&#8221;<\/p>\n","protected":false},"excerpt":{"rendered":"<p>Segundo informa\u00e7\u00f5es da operadora dos planos de sa\u00fade, a AllCare, em resposta \u00e0 nota publicada no Blog do Servidor, o aumento de quase 14% est\u00e1 suspenso e sendo negociado Para os servidores, a administradora esclareceu que os novos boletos para o pagamento da mensalidade do m\u00eas de maio de 2020 ser\u00e3o encaminhados aos benefici\u00e1rios, &#8220;sem incid\u00eancia de aumento, e poder\u00e3o [&hellip;]<\/p>\n","protected":false},"author":27,"featured_media":0,"comment_status":"open","ping_status":"closed","sticky":false,"template":"","format":"standard","meta":{"footnotes":""},"categories":[2719],"tags":[1581,1531,1341,3665,2317,63,1747],"class_list":["post-15751","post","type-post","status-publish","format-standard","hentry","category-servidor","tag-adiado","tag-camara-dos-deputados","tag-funcionarios","tag-negociado","tag-plano-de-saude","tag-reajuste","tag-suspenso"],"_links":{"self":[{"href":"https:\/\/blogs.correiobraziliense.com.br\/servidor\/wp-json\/wp\/v2\/posts\/15751","targetHints":{"allow":["GET"]}}],"collection":[{"href":"https:\/\/blogs.correiobraziliense.com.br\/servidor\/wp-json\/wp\/v2\/posts"}],"about":[{"href":"https:\/\/blogs.correiobraziliense.com.br\/servidor\/wp-json\/wp\/v2\/types\/post"}],"author":[{"embeddable":true,"href":"https:\/\/blogs.correiobraziliense.com.br\/servidor\/wp-json\/wp\/v2\/users\/27"}],"replies":[{"embeddable":true,"href":"https:\/\/blogs.correiobraziliense.com.br\/servidor\/wp-json\/wp\/v2\/comments?post=15751"}],"version-history":[{"count":3,"href":"https:\/\/blogs.correiobraziliense.com.br\/servidor\/wp-json\/wp\/v2\/posts\/15751\/revisions"}],"predecessor-version":[{"id":15754,"href":"https:\/\/blogs.correiobraziliense.com.br\/servidor\/wp-json\/wp\/v2\/posts\/15751\/revisions\/15754"}],"wp:attachment":[{"href":"https:\/\/blogs.correiobraziliense.com.br\/servidor\/wp-json\/wp\/v2\/media?parent=15751"}],"wp:term":[{"taxonomy":"category","embeddable":true,"href":"https:\/\/blogs.correiobraziliense.com.br\/servidor\/wp-json\/wp\/v2\/categories?post=15751"},{"taxonomy":"post_tag","embeddable":true,"href":"https:\/\/blogs.correiobraziliense.com.br\/servidor\/wp-json\/wp\/v2\/tags?post=15751"}],"curies":[{"name":"wp","href":"https:\/\/api.w.org\/{rel}","templated":true}]}}