{"id":1575,"date":"2016-04-22T19:00:12","date_gmt":"2016-04-22T22:00:12","guid":{"rendered":"https:\/\/blogs.correiobraziliense.com.br\/servidor\/?p=1575"},"modified":"2016-04-22T19:00:12","modified_gmt":"2016-04-22T22:00:12","slug":"exposicao-identidade-sobre-cultura-e-tradicao-negras-prorrogada-ate-11-de-maio","status":"publish","type":"post","link":"https:\/\/blogs.correiobraziliense.com.br\/servidor\/exposicao-identidade-sobre-cultura-e-tradicao-negras-prorrogada-ate-11-de-maio\/","title":{"rendered":"EXPOSI\u00c7\u00c3O &#8220;IDENTIDADE&#8221;, SOBRE CULTURA E TRADI\u00c7\u00c3O NEGRAS, PRORROGADA AT\u00c9 11 DE MAIO"},"content":{"rendered":"<p><em>A mostra coletiva &#8220;Identidade&#8221;, dos artistas brasilienses Geizimar e Mocundir\u00ea, que se encerraria em 27 de abril, foi prorrogada at\u00e9 11 de maio. A exposi\u00e7\u00e3o, que remete \u00e0s tradi\u00e7\u00f5es e \u00e0 cultura negras, est\u00e1 aberta \u00e0 visita\u00e7\u00e3o\u00a0no Espa\u00e7o do Servidor. As obras unem imagens do sagrado e do cotidiano, do real e do on\u00edrico, em 14 telas \u2013 a maioria trabalhada em acr\u00edlica \u2013, al\u00e9m de uma modelagem com arame e tecidos.<\/em><\/p>\n<p><em><strong>Abayomi<\/strong><\/em><\/p>\n<p>Al\u00e9m da cultura negra, o trabalho da artista afrodescendente Geizimar remete tamb\u00e9m ao Maranh\u00e3o, seu estado natal \u2013 a tela \u201cBumba meu boi\u201d, por exemplo, faz refer\u00eancia a uma das principais manifesta\u00e7\u00f5es culturais maranhenses. E as bonecas Abayomi, cujo nome significa \u201cencontro precioso\u201d na l\u00edngua Iorub\u00e1, mostram um pouco da arte de origem africana. Geizimar \u00e9 p\u00f3s-graduada em artes visuais pela Universidade de Bras\u00edlia (UnB) e participou de v\u00e1rias exposi\u00e7\u00f5es coletivas, entre elas \u201cVoc\u00ea pesquisa, ent\u00e3o mostre\u201d (1988) e a mostra de bonecas de barro Rtxoko, confeccionadas com base nas bonecas originais da etnia karaj\u00e1.<\/p>\n<p>J\u00e1 o ga\u00facho Mocundir\u00ea \u00e9 especialista em arte, tecnologia e educa\u00e7\u00e3o pela UnB e professor de artes. Sua inspira\u00e7\u00e3o para compor as telas vem do Candombl\u00e9 \u2013 do qual \u00e9 praticante \u2013, dos c\u00e2nticos, das dan\u00e7as e da tradi\u00e7\u00e3o angolana, al\u00e9m dos Orix\u00e1s. Junto a essas influ\u00eancias, o artista agrega elementos e personagens da capital federal, refletindo os aspectos art\u00edstico, religioso e pol\u00edtico de suas obras sobre a cidade de Bras\u00edlia.<\/p>\n<p>Mais informa\u00e7\u00f5es pelo telefone 0800 619 619 ou pelo e-mail\u00a0<em><a href=\"mailto:cultural@camara.leg.br\">cultural@camara.leg.br<\/a>.<\/em><\/p>\n<p><strong>SERVI\u00c7O<\/strong><\/p>\n<p><strong>Exposi\u00e7\u00e3o Identidade<\/strong><\/p>\n<p><strong>Visita\u00e7\u00e3o<\/strong><\/p>\n<p><strong>Per\u00edodo: <\/strong>at\u00e9 11 de maio de 2016<\/p>\n<p><strong>Visita\u00e7\u00e3o:<\/strong> de segunda a sexta-feira das 9 \u00e0s 17 horas<\/p>\n<p><strong>Local:<\/strong> Espa\u00e7o do Servidor \u2013 Anexo II &#8211; C\u00e2mara dos Deputados \u2013 Bras\u00edlia &#8211; DF<\/p>\n<p>Informa\u00e7\u00f5es: 0800 619 619 \u2013 <a href=\"mailto:cultural@camara.leg.br\"> cultural@camara.leg.br<\/a><\/p>\n","protected":false},"excerpt":{"rendered":"<p>A mostra coletiva &#8220;Identidade&#8221;, dos artistas brasilienses Geizimar e Mocundir\u00ea, que se encerraria em 27 de abril, foi prorrogada at\u00e9 11 de maio. A exposi\u00e7\u00e3o, que remete \u00e0s tradi\u00e7\u00f5es e \u00e0 cultura negras, est\u00e1 aberta \u00e0 visita\u00e7\u00e3o\u00a0no Espa\u00e7o do Servidor. As obras unem imagens do sagrado e do cotidiano, do real e do on\u00edrico, em 14 telas \u2013 a maioria [&hellip;]<\/p>\n","protected":false},"author":27,"featured_media":0,"comment_status":"open","ping_status":"closed","sticky":false,"template":"","format":"standard","meta":{"footnotes":""},"categories":[1],"tags":[1930,1925,1926,680,1928,1927,1924,1692,1923,1929,154],"class_list":["post-1575","post","type-post","status-publish","format-standard","hentry","category-sem-categoria","tag-afrodescendente","tag-artistas","tag-brasilienses","tag-coletiva","tag-cultura","tag-espaco-do-servidor","tag-exposicao","tag-identidade","tag-mostra","tag-negra","tag-prorrogada"],"_links":{"self":[{"href":"https:\/\/blogs.correiobraziliense.com.br\/servidor\/wp-json\/wp\/v2\/posts\/1575","targetHints":{"allow":["GET"]}}],"collection":[{"href":"https:\/\/blogs.correiobraziliense.com.br\/servidor\/wp-json\/wp\/v2\/posts"}],"about":[{"href":"https:\/\/blogs.correiobraziliense.com.br\/servidor\/wp-json\/wp\/v2\/types\/post"}],"author":[{"embeddable":true,"href":"https:\/\/blogs.correiobraziliense.com.br\/servidor\/wp-json\/wp\/v2\/users\/27"}],"replies":[{"embeddable":true,"href":"https:\/\/blogs.correiobraziliense.com.br\/servidor\/wp-json\/wp\/v2\/comments?post=1575"}],"version-history":[{"count":1,"href":"https:\/\/blogs.correiobraziliense.com.br\/servidor\/wp-json\/wp\/v2\/posts\/1575\/revisions"}],"predecessor-version":[{"id":1576,"href":"https:\/\/blogs.correiobraziliense.com.br\/servidor\/wp-json\/wp\/v2\/posts\/1575\/revisions\/1576"}],"wp:attachment":[{"href":"https:\/\/blogs.correiobraziliense.com.br\/servidor\/wp-json\/wp\/v2\/media?parent=1575"}],"wp:term":[{"taxonomy":"category","embeddable":true,"href":"https:\/\/blogs.correiobraziliense.com.br\/servidor\/wp-json\/wp\/v2\/categories?post=1575"},{"taxonomy":"post_tag","embeddable":true,"href":"https:\/\/blogs.correiobraziliense.com.br\/servidor\/wp-json\/wp\/v2\/tags?post=1575"}],"curies":[{"name":"wp","href":"https:\/\/api.w.org\/{rel}","templated":true}]}}