{"id":15731,"date":"2020-04-14T16:26:48","date_gmt":"2020-04-14T19:26:48","guid":{"rendered":"https:\/\/blogs.correiobraziliense.com.br\/servidor\/?p=15731"},"modified":"2020-04-14T16:26:48","modified_gmt":"2020-04-14T19:26:48","slug":"nota-do-sindifisco-nacional-sobre-a-sancao-presidencial-ao-fim-do-voto-de-qualidade-no-carf","status":"publish","type":"post","link":"https:\/\/blogs.correiobraziliense.com.br\/servidor\/nota-do-sindifisco-nacional-sobre-a-sancao-presidencial-ao-fim-do-voto-de-qualidade-no-carf\/","title":{"rendered":"Nota do Sindifisco Nacional sobre a san\u00e7\u00e3o presidencial ao fim do voto de qualidade no Carf"},"content":{"rendered":"<p><em><strong>De acordo com o Sindifisco, &#8220;o presidente desdenhou abertamente das orienta\u00e7\u00f5es do Minist\u00e9rio da Justi\u00e7a, do Minist\u00e9rio da Economia e da Procuradoria Geral da Rep\u00fablica, que o alertaram do perigo e da gravidade dessa conduta&#8221;<\/strong><\/em><\/p>\n<p>Veja a nota:<\/p>\n<p>&#8220;Em nome de todos os auditores-fiscais da Receita Federal, o Sindifisco Nacional vem a p\u00fablico manifestar perplexidade e indigna\u00e7\u00e3o com a postura do presidente da Rep\u00fablica, que hoje sancionou um dos dispositivos legais mais perversos j\u00e1 surgidos contra a boa administra\u00e7\u00e3o dos recursos p\u00fablicos e a moralidade administrativa no Brasil: o fim do voto de qualidade no \u00e2mbito do Carf. Ao faz\u00ea-lo, o presidente desdenhou abertamente das orienta\u00e7\u00f5es do Minist\u00e9rio da Justi\u00e7a, do Minist\u00e9rio da Economia e da Procuradoria Geral da Rep\u00fablica, que o alertaram do perigo e da gravidade dessa conduta.<\/p>\n<p>O ato &#8211; que adquire contornos particularmente nefastos por vir \u00e0 luz num contexto tr\u00e1gico para a sa\u00fade nacional e para as contas da Uni\u00e3o e dos demais entes federativos &#8211; fatalmente implicar\u00e1 d\u00e9cadas de retrocesso no combate \u00e0 sonega\u00e7\u00e3o e \u00e0 corrup\u00e7\u00e3o e entrar\u00e1 para a posteridade como s\u00edmbolo de absoluto desprezo pela coisa p\u00fablica. O Sindifisco Nacional ir\u00e1 denunciar o fato \u00e0 comunidade internacional e, concomitantemente, empreender\u00e1 todos os esfor\u00e7os poss\u00edveis para mobilizar a sociedade civil e reverter esse descalabro.&#8221;<\/p>\n","protected":false},"excerpt":{"rendered":"<p>De acordo com o Sindifisco, &#8220;o presidente desdenhou abertamente das orienta\u00e7\u00f5es do Minist\u00e9rio da Justi\u00e7a, do Minist\u00e9rio da Economia e da Procuradoria Geral da Rep\u00fablica, que o alertaram do perigo e da gravidade dessa conduta&#8221; Veja a nota: &#8220;Em nome de todos os auditores-fiscais da Receita Federal, o Sindifisco Nacional vem a p\u00fablico manifestar perplexidade e indigna\u00e7\u00e3o com a postura [&hellip;]<\/p>\n","protected":false},"author":27,"featured_media":0,"comment_status":"open","ping_status":"closed","sticky":false,"template":"","format":"standard","meta":{"footnotes":""},"categories":[2719],"tags":[538,14327,1973,6284,81,787,1417,2430,17270,7117],"class_list":["post-15731","post","type-post","status-publish","format-standard","hentry","category-servidor","tag-carf","tag-ministerio-da-economia","tag-ministerio-da-justica","tag-presidencial","tag-presidente","tag-qualidade","tag-republica","tag-sancao","tag-sindfisco","tag-voto"],"_links":{"self":[{"href":"https:\/\/blogs.correiobraziliense.com.br\/servidor\/wp-json\/wp\/v2\/posts\/15731","targetHints":{"allow":["GET"]}}],"collection":[{"href":"https:\/\/blogs.correiobraziliense.com.br\/servidor\/wp-json\/wp\/v2\/posts"}],"about":[{"href":"https:\/\/blogs.correiobraziliense.com.br\/servidor\/wp-json\/wp\/v2\/types\/post"}],"author":[{"embeddable":true,"href":"https:\/\/blogs.correiobraziliense.com.br\/servidor\/wp-json\/wp\/v2\/users\/27"}],"replies":[{"embeddable":true,"href":"https:\/\/blogs.correiobraziliense.com.br\/servidor\/wp-json\/wp\/v2\/comments?post=15731"}],"version-history":[{"count":1,"href":"https:\/\/blogs.correiobraziliense.com.br\/servidor\/wp-json\/wp\/v2\/posts\/15731\/revisions"}],"predecessor-version":[{"id":15732,"href":"https:\/\/blogs.correiobraziliense.com.br\/servidor\/wp-json\/wp\/v2\/posts\/15731\/revisions\/15732"}],"wp:attachment":[{"href":"https:\/\/blogs.correiobraziliense.com.br\/servidor\/wp-json\/wp\/v2\/media?parent=15731"}],"wp:term":[{"taxonomy":"category","embeddable":true,"href":"https:\/\/blogs.correiobraziliense.com.br\/servidor\/wp-json\/wp\/v2\/categories?post=15731"},{"taxonomy":"post_tag","embeddable":true,"href":"https:\/\/blogs.correiobraziliense.com.br\/servidor\/wp-json\/wp\/v2\/tags?post=15731"}],"curies":[{"name":"wp","href":"https:\/\/api.w.org\/{rel}","templated":true}]}}