{"id":15718,"date":"2020-04-14T10:01:52","date_gmt":"2020-04-14T13:01:52","guid":{"rendered":"https:\/\/blogs.correiobraziliense.com.br\/servidor\/?p=15718"},"modified":"2020-04-14T10:02:25","modified_gmt":"2020-04-14T13:02:25","slug":"oab-mais-de-660-mil-advogados-certificados-nos-ultimos-10-anos","status":"publish","type":"post","link":"https:\/\/blogs.correiobraziliense.com.br\/servidor\/oab-mais-de-660-mil-advogados-certificados-nos-ultimos-10-anos\/","title":{"rendered":"OAB &#8211; Mais de 660 mil advogados certificados nos \u00faltimos 10 anos"},"content":{"rendered":"<p><strong><em>O Exame de Ordem (EOU) comemora 10 anos de aplica\u00e7\u00e3o unificada em 2020. Em celebra\u00e7\u00e3o, a OAB Nacional lan\u00e7a, em parceria com a Funda\u00e7\u00e3o Getulio Vargas (FGV), o relat\u00f3rio Exame de Ordem em N\u00fameros.<\/em><\/strong><\/p>\n<p>O Exame de Ordem em N\u00fameros apresenta um panorama geral da prova, disponibilizando dados e estat\u00edsticas nacionais e regionais, tendo como base os resultados da II \u00e0 XXIX edi\u00e7\u00e3o, entre 2010 e 2019, incluindo desempenho das Institui\u00e7\u00f5es de Ensino Superior do pa\u00eds, al\u00e9m de estat\u00edsticas e outros dados relevantes.<\/p>\n<p>O lan\u00e7amento do Exame de Ordem em N\u00fameros ser\u00e1 virtual,\u00a0 por webinar, \u00e9 hoje, 14 de abril de 2020, \u00e0s 10h, com a presen\u00e7a do presidente da OAB, Felipe Santa Cruz, e do ministro do Superior Tribunal de Justi\u00e7a e coordenador acad\u00eamico do Exame, Marco Aur\u00e9lio Bellizze.<\/p>\n<p><strong>Exame de Ordem em N\u00fameros<\/strong><br \/>\nData: 14 de abril<br \/>\nHora: 10h<br \/>\nLink: https:\/\/youtu.be\/oKalATJ4llg<\/p>\n","protected":false},"excerpt":{"rendered":"<p>O Exame de Ordem (EOU) comemora 10 anos de aplica\u00e7\u00e3o unificada em 2020. Em celebra\u00e7\u00e3o, a OAB Nacional lan\u00e7a, em parceria com a Funda\u00e7\u00e3o Getulio Vargas (FGV), o relat\u00f3rio Exame de Ordem em N\u00fameros. O Exame de Ordem em N\u00fameros apresenta um panorama geral da prova, disponibilizando dados e estat\u00edsticas nacionais e regionais, tendo como base os resultados da II [&hellip;]<\/p>\n","protected":false},"author":27,"featured_media":0,"comment_status":"open","ping_status":"closed","sticky":false,"template":"","format":"standard","meta":{"footnotes":""},"categories":[2719],"tags":[265,4463,2723,2726,378,4031],"class_list":["post-15718","post","type-post","status-publish","format-standard","hentry","category-servidor","tag-advogados","tag-certificados","tag-exame","tag-fgv","tag-oab","tag-relatorio"],"_links":{"self":[{"href":"https:\/\/blogs.correiobraziliense.com.br\/servidor\/wp-json\/wp\/v2\/posts\/15718","targetHints":{"allow":["GET"]}}],"collection":[{"href":"https:\/\/blogs.correiobraziliense.com.br\/servidor\/wp-json\/wp\/v2\/posts"}],"about":[{"href":"https:\/\/blogs.correiobraziliense.com.br\/servidor\/wp-json\/wp\/v2\/types\/post"}],"author":[{"embeddable":true,"href":"https:\/\/blogs.correiobraziliense.com.br\/servidor\/wp-json\/wp\/v2\/users\/27"}],"replies":[{"embeddable":true,"href":"https:\/\/blogs.correiobraziliense.com.br\/servidor\/wp-json\/wp\/v2\/comments?post=15718"}],"version-history":[{"count":1,"href":"https:\/\/blogs.correiobraziliense.com.br\/servidor\/wp-json\/wp\/v2\/posts\/15718\/revisions"}],"predecessor-version":[{"id":15719,"href":"https:\/\/blogs.correiobraziliense.com.br\/servidor\/wp-json\/wp\/v2\/posts\/15718\/revisions\/15719"}],"wp:attachment":[{"href":"https:\/\/blogs.correiobraziliense.com.br\/servidor\/wp-json\/wp\/v2\/media?parent=15718"}],"wp:term":[{"taxonomy":"category","embeddable":true,"href":"https:\/\/blogs.correiobraziliense.com.br\/servidor\/wp-json\/wp\/v2\/categories?post=15718"},{"taxonomy":"post_tag","embeddable":true,"href":"https:\/\/blogs.correiobraziliense.com.br\/servidor\/wp-json\/wp\/v2\/tags?post=15718"}],"curies":[{"name":"wp","href":"https:\/\/api.w.org\/{rel}","templated":true}]}}